{"id":8083,"date":"2021-11-02T07:34:35","date_gmt":"2021-11-02T07:34:35","guid":{"rendered":"https:\/\/fundaciotallers.org\/?p=8083"},"modified":"2025-11-21T01:36:22","modified_gmt":"2025-11-21T00:36:22","slug":"calendario-de-igualdad-noviembre-referente-violencia-de-genero-ana-orantes","status":"publish","type":"post","link":"https:\/\/fundaciotallers.org\/es\/2021\/11\/02\/calendario-de-igualdad-noviembre-referente-violencia-de-genero-ana-orantes\/","title":{"rendered":"Calendario de igualdad. Noviembre: Ana Orantes, referente en la lucha contra la violencia de g\u00e9nero"},"content":{"rendered":"\t\t<div data-elementor-type=\"wp-post\" data-elementor-id=\"8083\" class=\"elementor elementor-8083\">\n\t\t\t\t\t\t<section class=\"elementor-section elementor-top-section elementor-element elementor-element-64ee4367 elementor-section-boxed elementor-section-height-default elementor-section-height-default\" data-id=\"64ee4367\" data-element_type=\"section\" data-e-type=\"section\">\n\t\t\t\t\t\t<div class=\"elementor-container elementor-column-gap-default\">\n\t\t\t\t\t<div class=\"elementor-column elementor-col-100 elementor-top-column elementor-element elementor-element-91e4cd5\" data-id=\"91e4cd5\" data-element_type=\"column\" data-e-type=\"column\">\n\t\t\t<div class=\"elementor-widget-wrap elementor-element-populated\">\n\t\t\t\t\t\t<div class=\"elementor-element elementor-element-6bd8f6ae elementor-widget elementor-widget-text-editor\" data-id=\"6bd8f6ae\" data-element_type=\"widget\" data-e-type=\"widget\" data-widget_type=\"text-editor.default\">\n\t\t\t\t<div class=\"elementor-widget-container\">\n\t\t\t\t\t\t\t\t\t<p>De Olga Rithme \u2013 Esta imagen ha sido extra\u00edda del archivo creado por <a href=\"https:\/\/commons.wikimedia.org\/wiki\/Category:Ana_Orantes#\/media\/File:Portrait_d'Ana_Orantes_2.jpg\">Olga Rithme, CC BY-SA 4.0 via Wikimedia Commos .<\/a><\/p>\t\t\t\t\t\t\t\t<\/div>\n\t\t\t\t<\/div>\n\t\t\t\t\t<\/div>\n\t\t<\/div>\n\t\t\t\t\t<\/div>\n\t\t<\/section>\n\t\t\t\t<section class=\"elementor-section elementor-top-section elementor-element elementor-element-02c048a elementor-section-boxed elementor-section-height-default elementor-section-height-default\" data-id=\"02c048a\" data-element_type=\"section\" data-e-type=\"section\">\n\t\t\t\t\t\t<div class=\"elementor-container elementor-column-gap-default\">\n\t\t\t\t\t<div class=\"elementor-column elementor-col-100 elementor-top-column elementor-element elementor-element-957b79e\" data-id=\"957b79e\" data-element_type=\"column\" data-e-type=\"column\">\n\t\t\t<div class=\"elementor-widget-wrap elementor-element-populated\">\n\t\t\t\t\t\t<div class=\"elementor-element elementor-element-9de2241 elementor-widget elementor-widget-text-editor\" data-id=\"9de2241\" data-element_type=\"widget\" data-e-type=\"widget\" data-widget_type=\"text-editor.default\">\n\t\t\t\t<div class=\"elementor-widget-container\">\n\t\t\t\t\t\t\t\t\t<p>La protagonista de nuestro Calendario de Igualdad de noviembre es <strong>Ana Orantes<\/strong>, mujer referente en el movimiento en Espa\u00f1a en la lucha contra la violencia de g\u00e9nero. A trav\u00e9s de su historia conmemoramos este a\u00f1o la fecha del<strong> 25 de noviembre, D\u00eda Mundial contra la Violencia de G\u00e9nero.<\/strong><\/p><p>Ana Orantes fue asesinada por su ex marido a finales de 1997, unos d\u00edas despu\u00e9s de que ella compartiese en un programa de televisi\u00f3n auton\u00f3mica de Andaluc\u00eda su testimonio de maltratos durante 40 a\u00f1os de matrimonio. Haciendo p\u00fablica su historia, quer\u00eda visibilizar la violencia contra las mujeres y ayudar a otras que sufr\u00edan esta situaci\u00f3n en una \u00e9poca en la que todav\u00eda no exist\u00eda una ley que protegiese a la mujer de la violencia dom\u00e9stica.<\/p><p>Ana naci\u00f3 en Granada en 1937 y se cas\u00f3 muy joven con un hombre que la maltrat\u00f3 psicol\u00f3gica y f\u00edsicamente, tanto a ella como a sus hijos durante 40 a\u00f1os de matrimonio. En numerosas ocasiones fue a la polic\u00eda para denunciar a su marido, pero todo fue en vano. En aquella \u00e9poca todav\u00eda no se hab\u00eda legalizado la ley de divorcio e Espa\u00f1a ni tampoco exist\u00edan leyes que protegiesen a la mujer en estas situaciones. Cuando consigui\u00f3 finalmente el divorcio, en 1996, el juez dictamin\u00f3 que Ana i su ex marido deb\u00edan continuar compartiendo la vivienda. Ana Orantes en ning\u00fan momento pudo alejarse de su maltratador ni tampoco recibir la protecci\u00f3n de las instituciones competentes.<\/p><p><strong>Debido a su muerte, miles de mujeres se constituyeron en asociaciones para recoger evidencias de la violencia dom\u00e9stica,<\/strong> ayudar a las v\u00edctimas y peticionar al gobierno y las instituciones pol\u00edticas que deb\u00edan intervenir. <strong>El caso de<\/strong> <strong>Ana fue el precursor<\/strong> de un gran movimiento de mujeres y fue <strong>clave para promover reformas legislativas cruciales en Espa\u00f1a <\/strong>que protegiesen a las v\u00edctimas de la violencia dom\u00e9stica, <strong>consiguiendo en el a\u00f1o 2004 la aprobaci\u00f3n de la Ley Integral contra la Violencia de G\u00e9nero<\/strong> y estableciendo tribunales espec\u00edficos para atender estos casos.<\/p><p>Gracias a la denuncia p\u00fablica que Ana Orantes hizo contra su ex-marido, actualmente disponemos de esta ley. La figura de <strong>Ana se ha convertido en un s\u00edmbolo y referente en la historia contra la violencia de g\u00e9nero.<\/strong><\/p><p>Desde la <strong>Fundaci\u00f3n\u00a0 Tallers<\/strong> y con acciones de sensibilizaci\u00f3n como el Calendario de Igualdad <strong>pretendemos seguir creando consciencia sobre la igualdad de todas las personas <\/strong>como un derecho b\u00e1sico, sin el cual, la sociedad no podr\u00eda disfrutar de libertad y democracia. Los grandes cambios comienzan con peque\u00f1as acciones enfocadas en avanzar en el alcance de una sociedad m\u00e1s igualitaria y justa para todas las personas. Para que esta igualdad sea eficaz y real y siga generando cambios, debe contemplar e integrar la diversidad y la diferencia evitando cualquier tipo de discriminaci\u00f3n.<\/p><p>Si quieres conocer m\u00e1s sobre Ana Orantes te recomendamos estos <span style=\"color: #800000;\"><a style=\"color: #800000;\" href=\"https:\/\/www.podiumpodcast.com\/lo-conoci-en-un-corpus\/temporada-1\/\" target=\"_blank\" rel=\"noopener\">podcasts<\/a><\/span> realizados por la periodista Noem\u00ed L\u00f3pez Trujillo, que investig\u00f3 exhaustivamente la historia de Ana y que cont\u00f3 con la colaboraci\u00f3n de Raquel Orantes, una de sus hijas.<\/p>\t\t\t\t\t\t\t\t<\/div>\n\t\t\t\t<\/div>\n\t\t\t\t\t<\/div>\n\t\t<\/div>\n\t\t\t\t\t<\/div>\n\t\t<\/section>\n\t\t\t\t<section class=\"elementor-section elementor-top-section elementor-element elementor-element-99d1676 elementor-section-boxed elementor-section-height-default elementor-section-height-default\" data-id=\"99d1676\" data-element_type=\"section\" data-e-type=\"section\" data-settings=\"{&quot;background_background&quot;:&quot;classic&quot;}\">\n\t\t\t\t\t\t<div class=\"elementor-container elementor-column-gap-default\">\n\t\t\t\t\t<div class=\"elementor-column elementor-col-100 elementor-top-column elementor-element elementor-element-a030076\" data-id=\"a030076\" data-element_type=\"column\" data-e-type=\"column\">\n\t\t\t<div class=\"elementor-widget-wrap elementor-element-populated\">\n\t\t\t\t\t\t<div class=\"elementor-element elementor-element-cb4ba5c elementor-widget elementor-widget-text-editor\" data-id=\"cb4ba5c\" data-element_type=\"widget\" data-e-type=\"widget\" data-widget_type=\"text-editor.default\">\n\t\t\t\t<div class=\"elementor-widget-container\">\n\t\t\t\t\t\t\t\t\t<p><span style=\"color: #ffffff;\"><a style=\"color: #ffffff;\" href=\"https:\/\/fundaciotallers.org\/wp-content\/uploads\/2021\/10\/calendari_igualtat_novembre.jpg\" target=\"_blank\" rel=\"noopener\">\u00a1Haz clic AQU\u00cd para descargarte el calendario de igualdad de noviembre!<\/a><\/span><\/p>\t\t\t\t\t\t\t\t<\/div>\n\t\t\t\t<\/div>\n\t\t\t\t\t<\/div>\n\t\t<\/div>\n\t\t\t\t\t<\/div>\n\t\t<\/section>\n\t\t\t\t<\/div>\n\t\t","protected":false},"excerpt":{"rendered":"<p>Este noviembre dedicamos el Calendario de Igualdad a Ana Orantes, mujer que con su valent\u00eda inspir\u00f3 un movimiento de lucha social y gracias a la cual se cre\u00f3 la Ley Contra la Violencia de G\u00e9nero en Espa\u00f1a. <\/p>\n","protected":false},"author":1,"featured_media":48798,"comment_status":"open","ping_status":"open","sticky":false,"template":"","format":"standard","meta":{"footnotes":""},"categories":[61],"tags":[107,113],"class_list":["post-8083","post","type-post","status-publish","format-standard","has-post-thumbnail","hentry","category-fundacio-tallers-es","tag-igualdad","tag-violencia-de-genero"],"_links":{"self":[{"href":"https:\/\/fundaciotallers.org\/es\/wp-json\/wp\/v2\/posts\/8083","targetHints":{"allow":["GET"]}}],"collection":[{"href":"https:\/\/fundaciotallers.org\/es\/wp-json\/wp\/v2\/posts"}],"about":[{"href":"https:\/\/fundaciotallers.org\/es\/wp-json\/wp\/v2\/types\/post"}],"author":[{"embeddable":true,"href":"https:\/\/fundaciotallers.org\/es\/wp-json\/wp\/v2\/users\/1"}],"replies":[{"embeddable":true,"href":"https:\/\/fundaciotallers.org\/es\/wp-json\/wp\/v2\/comments?post=8083"}],"version-history":[{"count":16,"href":"https:\/\/fundaciotallers.org\/es\/wp-json\/wp\/v2\/posts\/8083\/revisions"}],"predecessor-version":[{"id":8266,"href":"https:\/\/fundaciotallers.org\/es\/wp-json\/wp\/v2\/posts\/8083\/revisions\/8266"}],"wp:featuredmedia":[{"embeddable":true,"href":"https:\/\/fundaciotallers.org\/es\/wp-json\/wp\/v2\/media\/48798"}],"wp:attachment":[{"href":"https:\/\/fundaciotallers.org\/es\/wp-json\/wp\/v2\/media?parent=8083"}],"wp:term":[{"taxonomy":"category","embeddable":true,"href":"https:\/\/fundaciotallers.org\/es\/wp-json\/wp\/v2\/categories?post=8083"},{"taxonomy":"post_tag","embeddable":true,"href":"https:\/\/fundaciotallers.org\/es\/wp-json\/wp\/v2\/tags?post=8083"}],"curies":[{"name":"wp","href":"https:\/\/api.w.org\/{rel}","templated":true}]}}