{"id":5297,"date":"2021-07-01T10:21:45","date_gmt":"2021-07-01T10:21:45","guid":{"rendered":"https:\/\/fundaciotallers.org\/?p=5297"},"modified":"2021-07-01T10:21:45","modified_gmt":"2021-07-01T10:21:45","slug":"5297","status":"publish","type":"post","link":"https:\/\/fundaciotallers.org\/es\/2021\/07\/01\/5297\/","title":{"rendered":""},"content":{"rendered":"<p>Apreciadas, Apreciados,<\/p>\n<p>Los patronatos de la <strong>Fundaci\u00f3 Tallers<\/strong> y del <strong>Grup Sant Pere Claver<\/strong>, tras m\u00e1s de un a\u00f1o de contactos y de conversaciones, hemos llegado a un entendimiento s\u00f3lido para que nuestras organizaciones se conviertan finalmente un \u00fanico grupo.<\/p>\n<p>Fruto de esta voluntad, tenemos la satisfacci\u00f3n de poder comunicar que en fecha 14 de mayo hemos firmado el acuerdo que oficializa este proceso. La firma del presente acuerdo representa el punto de partida de esta confluencia, haciendo efectiva esta nueva realidad a trav\u00e9s de una mesa \u00fanica de patrones.<\/p>\n<p>Esta ha sido una <strong>decisi\u00f3n voluntaria y conjunta<\/strong>, basada en la mutua confianza y generada desde la oportunidad, lejos de necesidades ni de urgencias.<\/p>\n<p><strong>Compartimos valores y visi\u00f3n<\/strong>, poniendo en el centro a las personas en situaci\u00f3n de vulnerabilidad, nuestra raz\u00f3n de ser. Somos dos entidades con largas y prestigiadas trayectorias, profundamente <strong>comprometidas<\/strong> con los colectivos a los que prioritariamente nos dirigimos: <strong>las personas con problemas de salud mental y las personas con discapacidad intelectual<\/strong>.<\/p>\n<p>Con esta confluencia conseguimos <strong>generar apoyos y oportunidades<\/strong> para las personas usuarias en todos los aspectos de su vida:<strong> derechos, salud, vivienda, empleo y v\u00ednculos con la comunidad<\/strong>.<\/p>\n<p>La intenci\u00f3n que nos ha movido desde un principio no ha sido ser m\u00e1s grandes sino <strong>ser mejores<\/strong>: un paso hacia el futuro que <strong>ensanche las posibilidades y que aporte valor<\/strong> a las personas usuarias, a sus familias, a los equipos profesionales, los nuestros clientes y colaboradores \/ as, y en las administraciones p\u00fablicas. En definitiva, a la ciudadan\u00eda en su conjunto.<\/p>\n<p>Estamos plenamente orgullosos del camino que ambas instituciones hemos hecho hasta hoy gracias a <strong>la ilusi\u00f3n, a la confianza, el trabajo y la dedicaci\u00f3n de tantas y tantas personas<\/strong> durante su historia. A todas ellas queremos rendir un profundo agradecimiento y reconocimiento.<\/p>\n<p>Firmamos este acuerdo con la misma ilusi\u00f3n y con la misma confianza, con la voluntad de continuar escribiendo y ensanchando nuestra historia.<\/p>\n<p>&nbsp;<\/p>\n<div style=\"float: left; width: 45%;\"><strong>Sr. Pere Benito Ruiz<\/strong><br \/>\nGrup Sant Pere Claver<br \/>\nPresidente<\/div>\n<div style=\"float: right; width: 45%;\"><strong>Sr. Roque Pascual<\/strong><br \/>\nFundaci\u00f3 Tallers de Catalunya<br \/>\nPresidente<\/div>\n<div style=\"clear: both;\"><\/div>\n","protected":false},"excerpt":{"rendered":"<p>Apreciadas, Apreciados, Los patronatos de la Fundaci\u00f3 Tallers y del Grup Sant Pere Claver, tras m\u00e1s de un a\u00f1o de contactos y de conversaciones, hemos llegado a un entendimiento s\u00f3lido para que nuestras organizaciones se conviertan finalmente un \u00fanico grupo. Fruto de esta voluntad, tenemos la satisfacci\u00f3n de poder comunicar que en fecha 14 de mayo hemos firmado el acuerdo&hellip;<\/p>\n","protected":false},"author":2,"featured_media":5301,"comment_status":"open","ping_status":"open","sticky":false,"template":"","format":"standard","meta":{"footnotes":""},"categories":[49],"tags":[],"class_list":["post-5297","post","type-post","status-publish","format-standard","has-post-thumbnail","hentry","category-con-y-por-las-personas"],"_links":{"self":[{"href":"https:\/\/fundaciotallers.org\/es\/wp-json\/wp\/v2\/posts\/5297","targetHints":{"allow":["GET"]}}],"collection":[{"href":"https:\/\/fundaciotallers.org\/es\/wp-json\/wp\/v2\/posts"}],"about":[{"href":"https:\/\/fundaciotallers.org\/es\/wp-json\/wp\/v2\/types\/post"}],"author":[{"embeddable":true,"href":"https:\/\/fundaciotallers.org\/es\/wp-json\/wp\/v2\/users\/2"}],"replies":[{"embeddable":true,"href":"https:\/\/fundaciotallers.org\/es\/wp-json\/wp\/v2\/comments?post=5297"}],"version-history":[{"count":1,"href":"https:\/\/fundaciotallers.org\/es\/wp-json\/wp\/v2\/posts\/5297\/revisions"}],"predecessor-version":[{"id":5300,"href":"https:\/\/fundaciotallers.org\/es\/wp-json\/wp\/v2\/posts\/5297\/revisions\/5300"}],"wp:featuredmedia":[{"embeddable":true,"href":"https:\/\/fundaciotallers.org\/es\/wp-json\/wp\/v2\/media\/5301"}],"wp:attachment":[{"href":"https:\/\/fundaciotallers.org\/es\/wp-json\/wp\/v2\/media?parent=5297"}],"wp:term":[{"taxonomy":"category","embeddable":true,"href":"https:\/\/fundaciotallers.org\/es\/wp-json\/wp\/v2\/categories?post=5297"},{"taxonomy":"post_tag","embeddable":true,"href":"https:\/\/fundaciotallers.org\/es\/wp-json\/wp\/v2\/tags?post=5297"}],"curies":[{"name":"wp","href":"https:\/\/api.w.org\/{rel}","templated":true}]}}