{"id":5282,"date":"2021-06-30T14:39:24","date_gmt":"2021-06-30T14:39:24","guid":{"rendered":"https:\/\/fundaciotallers.org\/?p=5282"},"modified":"2021-06-30T14:40:00","modified_gmt":"2021-06-30T14:40:00","slug":"calendario-de-igualdad-julio","status":"publish","type":"post","link":"https:\/\/fundaciotallers.org\/es\/2021\/06\/30\/calendario-de-igualdad-julio\/","title":{"rendered":"Calendario de igualdad. Julio"},"content":{"rendered":"<p>La p\u00e1gina del <a href=\"https:\/\/fundaciotallers.org\/es\/2021\/01\/20\/calendario-de-igualdad-enero\/\" target=\"_blank\" rel=\"noopener\">calendario de Igualdad<\/a> del mes de julio est\u00e1 protagonizada por <strong>Rosa Maria Sard\u00e0<\/strong>.<\/p>\n<p>Una de las <strong>grandes figuras de la escena<\/strong> del pa\u00eds, Rosa Maria Sard\u00e0 hab\u00eda trabajado en teatro, cine y televisi\u00f3n.<\/p>\n<p>Reconocida por su vis c\u00f3mica y iron\u00eda que utilizaba para tratar temas pol\u00edticos y sociales, tambi\u00e9n hab\u00eda hecho papeles de <strong>personajes duros, fuertes y dram\u00e1ticos<\/strong>.<\/p>\n<p>De formaci\u00f3n <strong>autodidacta<\/strong>, su carrera comenz\u00f3 en los a\u00f1os 60 sobre los escenarios de teatros, m\u00e1s tarde llegaban los programas de televisi\u00f3n y no fue hasta los a\u00f1os 80 que empieza a hacer cine.<\/p>\n<p>Hab\u00eda declarado a menudo que le hab\u00eda costado mucho ser reconocida como la <strong>actriz que ella quer\u00eda<\/strong>. En el terreno de las artes esc\u00e9nicas y en especial del humor y la comedia, a\u00fan no se ha avanzado tanto como en otros campos. Las <strong>mujeres disponen de muchas menos ventanas<\/strong> para mostrar su <strong>vis c\u00f3mica<\/strong>, ya sea actuando ante la c\u00e1mara, sobre un escenario o escribiendo guiones. Son <strong>a\u00fan contadas las apariciones de mujeres en espacios humor\u00edsticos<\/strong> de radio, televisi\u00f3n o cine. Si nos ponemos a pensar en personas que se dedican al humor y que son mujeres, detectaremos que <strong>conocemos muchas menos que hombres<\/strong> y que, seguramente, lo primero que nos vendr\u00e1 a la cabeza ser\u00e1 precisamente un hombre.<\/p>\n<p>Uno de los grandes retos de cualquier actor que se dedique a la comedia es conducir una entrega de premios de su profesi\u00f3n. El sentido del humor y la iron\u00eda brillaron en las tres ediciones en que los <strong>Premios Goya estuvieron bajo la batuta de Rosa Maria Sard\u00e0<\/strong>. De hecho batieron <strong>r\u00e9cords de audiencia<\/strong> y est\u00e1 considerada la mejor conductora de la historia de los premios.<\/p>\n<p>El empuje y determinaci\u00f3n de <strong>Rosa Maria Sard\u00e0<\/strong> y sus ideas <strong>republicanas, feministas<\/strong> y de izquierdas ayudaron a abrir el camino de las mujeres en el campo de la interpretaci\u00f3n c\u00f3mica y dram\u00e1tica, tanto es as\u00ed, que para muchos era<strong> La Sard\u00e0, y cuando el art\u00edculo precede el apellido, es indudable que hablamos de una gran figura<\/strong>.<\/p>\n<p>Si quieres ver Rosa Maria Sard\u00e0 en acci\u00f3n, te facilitamos algunos enlaces como <a href=\"https:\/\/youtu.be\/oZdX0ZHrWBc\" target=\"_blank\" rel=\"noopener\">este<\/a> o <a href=\"https:\/\/youtu.be\/zes6j5qLLb8\" target=\"_blank\" rel=\"noopener\">este<\/a>, pero te recomendamos que busques en la red m\u00e1s <strong>entrevistas y pel\u00edculas<\/strong> y pases un buen rato disfrutando de una maravillosa interpretaci\u00f3n y del humor y la fina iron\u00eda.<\/p>\n<p>Haz clic <a href=\"https:\/\/fundaciotallers.org\/wp-content\/uploads\/2021\/06\/calendari_juliol.jpg\" target=\"_blank\" rel=\"noopener\">aqu\u00ed<\/a> para descargarte el calendario de igualdad del mes de julio!<\/p>\n","protected":false},"excerpt":{"rendered":"<p>La p\u00e1gina del calendario de Igualdad del mes de julio est\u00e1 protagonizada por Rosa Maria Sard\u00e0. Una de las grandes figuras de la escena del pa\u00eds, Rosa Maria Sard\u00e0 hab\u00eda trabajado en teatro, cine y televisi\u00f3n. Reconocida por su vis c\u00f3mica y iron\u00eda que utilizaba para tratar temas pol\u00edticos y sociales, tambi\u00e9n hab\u00eda hecho papeles de personajes duros, fuertes y&hellip;<\/p>\n","protected":false},"author":2,"featured_media":5277,"comment_status":"open","ping_status":"open","sticky":false,"template":"","format":"standard","meta":{"footnotes":""},"categories":[49],"tags":[],"class_list":["post-5282","post","type-post","status-publish","format-standard","has-post-thumbnail","hentry","category-con-y-por-las-personas"],"_links":{"self":[{"href":"https:\/\/fundaciotallers.org\/es\/wp-json\/wp\/v2\/posts\/5282","targetHints":{"allow":["GET"]}}],"collection":[{"href":"https:\/\/fundaciotallers.org\/es\/wp-json\/wp\/v2\/posts"}],"about":[{"href":"https:\/\/fundaciotallers.org\/es\/wp-json\/wp\/v2\/types\/post"}],"author":[{"embeddable":true,"href":"https:\/\/fundaciotallers.org\/es\/wp-json\/wp\/v2\/users\/2"}],"replies":[{"embeddable":true,"href":"https:\/\/fundaciotallers.org\/es\/wp-json\/wp\/v2\/comments?post=5282"}],"version-history":[{"count":1,"href":"https:\/\/fundaciotallers.org\/es\/wp-json\/wp\/v2\/posts\/5282\/revisions"}],"predecessor-version":[{"id":5283,"href":"https:\/\/fundaciotallers.org\/es\/wp-json\/wp\/v2\/posts\/5282\/revisions\/5283"}],"wp:featuredmedia":[{"embeddable":true,"href":"https:\/\/fundaciotallers.org\/es\/wp-json\/wp\/v2\/media\/5277"}],"wp:attachment":[{"href":"https:\/\/fundaciotallers.org\/es\/wp-json\/wp\/v2\/media?parent=5282"}],"wp:term":[{"taxonomy":"category","embeddable":true,"href":"https:\/\/fundaciotallers.org\/es\/wp-json\/wp\/v2\/categories?post=5282"},{"taxonomy":"post_tag","embeddable":true,"href":"https:\/\/fundaciotallers.org\/es\/wp-json\/wp\/v2\/tags?post=5282"}],"curies":[{"name":"wp","href":"https:\/\/api.w.org\/{rel}","templated":true}]}}