{"id":4553,"date":"2021-04-13T08:02:31","date_gmt":"2021-04-13T08:02:31","guid":{"rendered":"https:\/\/fundaciotallers.org\/?p=4553"},"modified":"2021-04-13T08:02:31","modified_gmt":"2021-04-13T08:02:31","slug":"calendario-de-igualdad-abril","status":"publish","type":"post","link":"https:\/\/fundaciotallers.org\/es\/2021\/04\/13\/calendario-de-igualdad-abril\/","title":{"rendered":"Calendario de igualdad. Abril"},"content":{"rendered":"<p><span style=\"font-weight: 400;\">Llegamos al mes de abril con una nueva <strong>p\u00e1gina del Calendario de Igualdad<\/strong>.<\/span><\/p>\n<p><span style=\"font-weight: 400;\">Este mes nos centramos en la figura de <strong>Rosa Parks<\/strong>, una <strong>mujer, negra y trabajadora<\/strong> que a los 42 a\u00f1os protagoniz\u00f3 un acto que fue el <strong>inicio de reivindicaciones en contra de la segregaci\u00f3n<\/strong> de personas por ser negras o blancas.<\/span><\/p>\n<p><span style=\"font-weight: 400;\">En aquella \u00e9poca, en Estados Unidos, exist\u00edan leyes inspiradas en el esclavismo del siglo XIX, creadas expresamente para que las personas afroamericanas<strong> se consideraran inferiores<\/strong> y se mantuvieran en una situaci\u00f3n de marginaci\u00f3n social.<\/span><\/p>\n<p><span style=\"font-weight: 400;\">Por ejemplo, personas negras y las blancas <strong>no pod\u00edan compartir<\/strong> espacios cotidianos como los <strong>ba\u00f1os p\u00fablicos, parques o restaurantes<\/strong>. Hab\u00eda carteles en tiendas donde figuraba un \u00abNegros no\u00bb e incluso las personas negras <strong>no pod\u00edan sentarse en los asientos delanteros del bus<\/strong>, que estaban reservados para personas blancas.<\/span><\/p>\n<p><span style=\"font-weight: 400;\">Y es precisamente en un asiento de bus donde tuvo lugar el hecho que protagoniz\u00f3 <strong>Rosa Parks<\/strong>.<\/span><\/p>\n<p><span style=\"font-weight: 400;\">Tras salir del trabajo de costurera, cada d\u00eda cog\u00eda el bus para volver a casa. En este transporte p\u00fablico, <strong>las personas blancas viajaban en la parte de delante y las negras detr\u00e1s<\/strong>, por lo que Rosa <strong>sub\u00eda al bus, pagaba al conductor, bajaba y volv\u00eda a subir por la puerta trasera<\/strong>.<\/span><\/p>\n<p><span style=\"font-weight: 400;\">El 1 de diciembre de 1955, ella se sent\u00f3 justo en la l\u00ednea del medio, es decir, en <strong>unos asientos que pod\u00edan ocupar las personas negras si no hab\u00eda ninguna de blanca que los requeriera<\/strong>. Ese d\u00eda, subieron muchas personas blancas, y el conductor exigi\u00f3 a las personas negras sentadas que se levantan para <strong>ceder el asiento a las blancas. Rosa Parks se neg\u00f3.<\/strong><\/span><\/p>\n<p><span style=\"font-weight: 400;\">El conductor intent\u00f3 disuadirla y la amenaz\u00f3 en denunciarla. Y as\u00ed fue. <strong>Rosa Parks pas\u00f3 la noche en el calabozo<\/strong> acusada de perturbar el orden p\u00fablico. Fue juzgada y condenada a una multa de 14 d\u00f3lares.<\/span><\/p>\n<p>&nbsp;<\/p>\n<p><span style=\"font-weight: 400;\">Este hecho de valent\u00eda y coraje fue el motivo del inicio de <strong>reivindicaciones de derechos para las personas afroamericanas<\/strong> y de manera local, de un <strong>boicot a los autobuses<\/strong> que dur\u00f3 m\u00e1s de 13 meses. Adem\u00e1s, signific\u00f3 las <strong>primeras acciones de la lucha antirracista<\/strong>, discriminaci\u00f3n por etnias y segregaci\u00f3n <strong>de Martin Luther King<\/strong>.<\/span><\/p>\n<p>&nbsp;<\/p>\n<p><span style=\"font-weight: 400;\">Si quieres <strong>saber m\u00e1s sobre Rosa Parks, puedes buscar informaci\u00f3n en la red<\/strong>. Nosotros hemos encontrado <a href=\"https:\/\/historia.nationalgeographic.com.es\/a\/rosa-parks-mujer-negra-que-no-cedio-su-asiento-a-blanco-autobus_9945\" target=\"_blank\" rel=\"noopener\">este art\u00edculo<\/a>.<\/span><\/p>\n<p>&nbsp;<\/p>\n<p><span style=\"font-weight: 400;\">Tambi\u00e9n puedes pedir en la biblioteca o en la librer\u00eda de proximidad <a href=\"https:\/\/www.plataformaeditorial.com\/libro\/8336-rosa-parks-mi-historia\" target=\"_blank\" rel=\"noopener\">este libro<\/a> y <a href=\"https:\/\/www.vicensvives.com\/vvweb\/view\/pages\/p01\/load.php?id=234&amp;codvv=111474\" target=\"_blank\" rel=\"noopener\">este otro<\/a>.<\/span><\/p>\n<p>&nbsp;<\/p>\n<p><span style=\"font-weight: 400;\">??<strong>Clica <a href=\"https:\/\/fundaciotallers.org\/wp-content\/uploads\/2021\/04\/abril_rosaparks-copia.jpg\" target=\"_blank\" rel=\"noopener\">aqu\u00ed<\/a> para descargarte el calendario de Igualdad del abril!<\/strong>??<\/span><\/p>\n<p>&nbsp;<\/p>\n","protected":false},"excerpt":{"rendered":"<p>Llegamos al mes de abril con una nueva p\u00e1gina del Calendario de Igualdad. Este mes nos centramos en la figura de Rosa Parks, una mujer, negra y trabajadora que a los 42 a\u00f1os protagoniz\u00f3 un acto que fue el inicio de reivindicaciones en contra de la segregaci\u00f3n de personas por ser negras o blancas. En aquella \u00e9poca, en Estados Unidos,&hellip;<\/p>\n","protected":false},"author":2,"featured_media":4554,"comment_status":"open","ping_status":"open","sticky":false,"template":"","format":"standard","meta":{"footnotes":""},"categories":[49],"tags":[],"class_list":["post-4553","post","type-post","status-publish","format-standard","has-post-thumbnail","hentry","category-con-y-por-las-personas"],"_links":{"self":[{"href":"https:\/\/fundaciotallers.org\/es\/wp-json\/wp\/v2\/posts\/4553","targetHints":{"allow":["GET"]}}],"collection":[{"href":"https:\/\/fundaciotallers.org\/es\/wp-json\/wp\/v2\/posts"}],"about":[{"href":"https:\/\/fundaciotallers.org\/es\/wp-json\/wp\/v2\/types\/post"}],"author":[{"embeddable":true,"href":"https:\/\/fundaciotallers.org\/es\/wp-json\/wp\/v2\/users\/2"}],"replies":[{"embeddable":true,"href":"https:\/\/fundaciotallers.org\/es\/wp-json\/wp\/v2\/comments?post=4553"}],"version-history":[{"count":1,"href":"https:\/\/fundaciotallers.org\/es\/wp-json\/wp\/v2\/posts\/4553\/revisions"}],"predecessor-version":[{"id":4556,"href":"https:\/\/fundaciotallers.org\/es\/wp-json\/wp\/v2\/posts\/4553\/revisions\/4556"}],"wp:featuredmedia":[{"embeddable":true,"href":"https:\/\/fundaciotallers.org\/es\/wp-json\/wp\/v2\/media\/4554"}],"wp:attachment":[{"href":"https:\/\/fundaciotallers.org\/es\/wp-json\/wp\/v2\/media?parent=4553"}],"wp:term":[{"taxonomy":"category","embeddable":true,"href":"https:\/\/fundaciotallers.org\/es\/wp-json\/wp\/v2\/categories?post=4553"},{"taxonomy":"post_tag","embeddable":true,"href":"https:\/\/fundaciotallers.org\/es\/wp-json\/wp\/v2\/tags?post=4553"}],"curies":[{"name":"wp","href":"https:\/\/api.w.org\/{rel}","templated":true}]}}