{"id":3810,"date":"2021-01-20T09:27:46","date_gmt":"2021-01-20T09:27:46","guid":{"rendered":"https:\/\/fundaciotallers.org\/?p=3810"},"modified":"2021-01-20T09:29:03","modified_gmt":"2021-01-20T09:29:03","slug":"calendario-de-igualdad-enero","status":"publish","type":"post","link":"https:\/\/fundaciotallers.org\/es\/2021\/01\/20\/calendario-de-igualdad-enero\/","title":{"rendered":"Calendario de Igualdad. Enero"},"content":{"rendered":"<p><span style=\"font-weight: 400;\">Igualdad de oportunidades entre mujeres, hombres y identidades no binarias, conciliaci\u00f3n de la vida personal y laboral o fomento de las pr\u00e1cticas de no discriminaci\u00f3n, son s\u00f3lo algunas de las actuaciones que se llevan a cabo en la Fundaci\u00f3 Tallers, dentro del marco del <strong>Plan de Igualdad<\/strong>.<\/span><\/p>\n<p><span style=\"font-weight: 400;\">Una iniciativa con la que avanzamos <strong>hacia la igualdad de g\u00e9nero y garantiza la igualdad efectiva y real<\/strong>.<\/span><\/p>\n<p><span style=\"font-weight: 400;\">Dentro de las acciones desempe\u00f1adas, encontramos el <strong>calendario de Igualdad, un elemento con una evidente funci\u00f3n pr\u00e1ctica pero que a la vez promueve el conocimiento y divulgaci\u00f3n de mujeres y hechos relevantes que han colaborado en la transformaci\u00f3n de la sociedad.<\/strong><\/span><\/p>\n<p><span style=\"font-weight: 400;\">Durante los pr\u00f3ximos 12 meses, divulgaremos la iniciativa, fortaleza, diligencia y tambi\u00e9n valent\u00eda de <strong>12 mujeres gracias a las cuales la humanidad avanza hacia sociedades m\u00e1s justas y equitativas.<\/strong><\/span><\/p>\n<p><span style=\"font-weight: 400;\">Este mes de <strong>enero<\/strong>, la protagonista es <strong>Clara Campoamor<\/strong>, abogada, escritora y pol\u00edtica. Fue una de las principales <strong>impulsoras del sufragio femenino en Espa\u00f1a y puso sobre la mesa temas como la igualdad de los hijos e hijas nacidos fuera del matrimonio o la Ley del Divorcio.<\/strong><\/span><\/p>\n<p><span style=\"font-weight: 400;\">En realidad, el derecho a voto, el sufragio, a\u00fan hoy en d\u00eda es un aspecto de la sociedad en la que se va haciendo camino. Por ejemplo, las p<strong>ersonas con discapacidad intelectual cuentan con derecho a votar a partir de las elecciones del 2019. Hasta la fecha, este derecho era negado.<\/strong><\/span><\/p>\n<p><span style=\"font-weight: 400;\">Gracias al impulso de personas como Clara Campoamor, se <strong>modifican conductas discriminatorias y se avanza en el camino de construir una sociedad donde todos y todas tenemos cabida.<\/strong><\/span><\/p>\n<p><span style=\"font-weight: 400;\">Si quieres conocer <strong>m\u00e1s sobre Clara Campoamor<\/strong>, puedes leer este <strong><a href=\"https:\/\/historia.nationalgeographic.com.es\/a\/clara-campoamor-vida-lucha-por-derechos-mujer_15092\">art\u00edculo<\/a><\/strong> o consultar <strong>libros que puedes pedir en la biblioteca o comprarlos en la librer\u00eda<\/strong>. Nosotros te decimos un par pero hay muchos m\u00e1s aparte de <strong><a href=\"https:\/\/www.rbalibros.com\/rba-no-ficcion\/clara-campoamor_4820\">este<\/a> o <a href=\"https:\/\/www.planetadelibros.com\/libro-la-mujer-olvidada\/10652\">este<\/a><\/strong>.<\/span><\/p>\n<p><span style=\"font-weight: 400;\">Tambi\u00e9n se ha hecho una pel\u00edcula: \u00ab<strong>Clara Campoamor, la mujer olvidada\u00bb dirigida por Laura Ma\u00f1\u00e1 y que puedes ver en este <a href=\"https:\/\/www.ccma.cat\/tv3\/alacarta\/pellicules\/clara-campoamor-la-dona-oblidada\/video\/3739630\/\">enlace<\/a>.<\/strong><\/span><\/p>\n<p><span style=\"font-weight: 400;\">Puedes <a href=\"https:\/\/fundaciotallers.org\/wp-content\/uploads\/2021\/01\/Calendari-2021.jpg\"><strong>descargar aqu\u00ed<\/strong><\/a> el Calendario de Igualdad de este <strong>mes de enero<\/strong>, para tenerlo siempre cerca o pon\u00e9rtelo como fondo de pantalla \ud83d\ude09<\/span><\/p>\n<p><span style=\"font-weight: 400;\">El Calendario de Igualdad <strong>volver\u00e1 el mes de febrero con otra protagonista que nos ha permitido avanzar hasta donde estamos ahora!<\/strong><\/span><\/p>\n","protected":false},"excerpt":{"rendered":"<p>Igualdad de oportunidades entre mujeres, hombres y identidades no binarias, conciliaci\u00f3n de la vida personal y laboral o fomento de las pr\u00e1cticas de no discriminaci\u00f3n, son s\u00f3lo algunas de las actuaciones que se llevan a cabo en la Fundaci\u00f3 Tallers, dentro del marco del Plan de Igualdad. Una iniciativa con la que avanzamos hacia la igualdad de g\u00e9nero y garantiza&hellip;<\/p>\n","protected":false},"author":2,"featured_media":3806,"comment_status":"open","ping_status":"open","sticky":false,"template":"","format":"standard","meta":{"footnotes":""},"categories":[49],"tags":[107],"class_list":["post-3810","post","type-post","status-publish","format-standard","has-post-thumbnail","hentry","category-con-y-por-las-personas","tag-igualdad"],"_links":{"self":[{"href":"https:\/\/fundaciotallers.org\/es\/wp-json\/wp\/v2\/posts\/3810","targetHints":{"allow":["GET"]}}],"collection":[{"href":"https:\/\/fundaciotallers.org\/es\/wp-json\/wp\/v2\/posts"}],"about":[{"href":"https:\/\/fundaciotallers.org\/es\/wp-json\/wp\/v2\/types\/post"}],"author":[{"embeddable":true,"href":"https:\/\/fundaciotallers.org\/es\/wp-json\/wp\/v2\/users\/2"}],"replies":[{"embeddable":true,"href":"https:\/\/fundaciotallers.org\/es\/wp-json\/wp\/v2\/comments?post=3810"}],"version-history":[{"count":2,"href":"https:\/\/fundaciotallers.org\/es\/wp-json\/wp\/v2\/posts\/3810\/revisions"}],"predecessor-version":[{"id":3812,"href":"https:\/\/fundaciotallers.org\/es\/wp-json\/wp\/v2\/posts\/3810\/revisions\/3812"}],"wp:featuredmedia":[{"embeddable":true,"href":"https:\/\/fundaciotallers.org\/es\/wp-json\/wp\/v2\/media\/3806"}],"wp:attachment":[{"href":"https:\/\/fundaciotallers.org\/es\/wp-json\/wp\/v2\/media?parent=3810"}],"wp:term":[{"taxonomy":"category","embeddable":true,"href":"https:\/\/fundaciotallers.org\/es\/wp-json\/wp\/v2\/categories?post=3810"},{"taxonomy":"post_tag","embeddable":true,"href":"https:\/\/fundaciotallers.org\/es\/wp-json\/wp\/v2\/tags?post=3810"}],"curies":[{"name":"wp","href":"https:\/\/api.w.org\/{rel}","templated":true}]}}