{"id":2600,"date":"2020-06-18T10:52:32","date_gmt":"2020-06-18T10:52:32","guid":{"rendered":"https:\/\/fundaciotallers.org\/?p=2600"},"modified":"2020-06-18T10:52:32","modified_gmt":"2020-06-18T10:52:32","slug":"punto-de-reciclaje-y-puntos-verdes","status":"publish","type":"post","link":"https:\/\/fundaciotallers.org\/es\/2020\/06\/18\/punto-de-reciclaje-y-puntos-verdes\/","title":{"rendered":"Punto de Reciclaje y Puntos Verdes"},"content":{"rendered":"<p>Punto de reciclaje y Puntos Verdes<\/p>\n<p>Elementos cotidianos como <strong>sartenes o ollas antiguas<\/strong>, <strong>muebles<\/strong>, <strong>estructuras met\u00e1licas<\/strong>, <strong>piezas textiles<\/strong> pero tambi\u00e9n <strong>residuos que se generan en peque\u00f1os negocios<\/strong> de profesionales aut\u00f3nomos como escombros, <strong>restos de construcciones de obras menores o sillas de oficina sin uso<\/strong>.<br \/>\nSon algunos de los residuos que se gestionan en el Punto de Reciclaje.<\/p>\n<p>Desde hace unas semanas, el <strong>Punto de Reciclaje<\/strong> y los <strong>Puntos Verdes<\/strong> de Santa Coloma vuelven a estar en funcionamiento, adoptando unas medidas de seguridad imprescindibles para garantizar la seguridad ante el Covid-19:<\/p>\n<p><strong>\u25b6\ufe0f<\/strong> \u00a0<strong>Llevar mascarilla<\/strong><br \/>\n<strong>\u25b6\ufe0f \u00a0Gel hidroalcoh\u00f3lico para las manos a disposici\u00f3n<\/strong><\/p>\n<p>En el Punto de Reciclaje, adem\u00e1s:<\/p>\n<p><strong>\u25b6\ufe0f\u00a0<\/strong><strong>Distancia de seguridad de 2m entre personas<\/strong>.<\/p>\n<p>En los Puntos Verdes:<\/p>\n<p><strong>\u25b6\ufe0f\u00a0<\/strong>\u00a0<strong>Entrega de los residuos desde la puerta.<\/strong><\/p>\n<p><strong>Punto de Reciclaje de Santa Coloma de Gramenet<\/strong><br \/>\n?Ctra de la Roca, km 6<br \/>\n?Dilluns a Viernes: 8:00 a 18: 00h<br \/>\n?Dissabte: 9:00 a 16: 30h<\/p>\n<p>Qu\u00e9 podemos llevar?<br \/>\n<strong>Neum\u00e1ticos, fluorescentes y l\u00e1mparas, bater\u00edas, disolventes, pinturas y barnices, pilas, electrodom\u00e9sticos que contengan sustancias peligrosas, aceites minerales usados, muebles, electrodom\u00e9sticos, chatarra electr\u00f3nica (ordenadores, peque\u00f1os electrodom\u00e9sticos, aparatos electr\u00f3nicos &#8230;), maderas, restos de poda o jardiner\u00eda , escombros y restos de la construcci\u00f3n.<\/strong><\/p>\n<p><strong>Puntos Verdes<\/strong><br \/>\n?C. Pirineus, 7 (Punto Verde Raval)<br \/>\n?C. Almog\u00e0vers, 18 (Punto Verde Can Calvet)<br \/>\n?Dilluns a Viernes: 8:30 a 14: 00h y de 16h a 18h<br \/>\n?Dissabte: 9:00 a 16: 30h<\/p>\n<p>Qu\u00e9 podemos llevar?<br \/>\n<strong>Ropa, calzado, cartuchos de tinta, t\u00f3ners, aparatos el\u00e9ctricos y electr\u00f3nicos, aceites de cocina, cables el\u00e9ctricos, aerosoles y sprays, bater\u00edas de coche, cosm\u00e9ticos, pilas, aceites de motor, pinturas y barnices, fluorescentes y bombillas, c\u00e1psulas de caf\u00e9 monodosis (pl\u00e1stico y aluminio), etc.<\/strong><\/p>\n<p>&nbsp;<\/p>\n<p><img fetchpriority=\"high\" decoding=\"async\" class=\"alignleft size-medium wp-image-2593\" src=\"https:\/\/fundaciotallers.org\/wp-content\/uploads\/2020\/06\/01d9144f-5700-4a69-8a3e-3538cb7a772a-225x300.jpg\" alt=\"\" width=\"225\" height=\"300\" srcset=\"https:\/\/fundaciotallers.org\/wp-content\/uploads\/2020\/06\/01d9144f-5700-4a69-8a3e-3538cb7a772a-225x300.jpg 225w, https:\/\/fundaciotallers.org\/wp-content\/uploads\/2020\/06\/01d9144f-5700-4a69-8a3e-3538cb7a772a-768x1024.jpg 768w, https:\/\/fundaciotallers.org\/wp-content\/uploads\/2020\/06\/01d9144f-5700-4a69-8a3e-3538cb7a772a-1152x1536.jpg 1152w, https:\/\/fundaciotallers.org\/wp-content\/uploads\/2020\/06\/01d9144f-5700-4a69-8a3e-3538cb7a772a.jpg 1200w\" sizes=\"(max-width: 225px) 100vw, 225px\" \/><\/p>\n","protected":false},"excerpt":{"rendered":"<p>Punto de reciclaje y Puntos Verdes Elementos cotidianos como sartenes o ollas antiguas, muebles, estructuras met\u00e1licas, piezas textiles pero tambi\u00e9n residuos que se generan en peque\u00f1os negocios de profesionales aut\u00f3nomos como escombros, restos de construcciones de obras menores o sillas de oficina sin uso. Son algunos de los residuos que se gestionan en el Punto de Reciclaje. Desde hace unas&hellip;<\/p>\n","protected":false},"author":2,"featured_media":2597,"comment_status":"open","ping_status":"open","sticky":false,"template":"","format":"standard","meta":{"footnotes":""},"categories":[57,61],"tags":[98],"class_list":["post-2600","post","type-post","status-publish","format-standard","has-post-thumbnail","hentry","category-comunidad","category-fundacio-tallers-es","tag-covid19-es"],"_links":{"self":[{"href":"https:\/\/fundaciotallers.org\/es\/wp-json\/wp\/v2\/posts\/2600","targetHints":{"allow":["GET"]}}],"collection":[{"href":"https:\/\/fundaciotallers.org\/es\/wp-json\/wp\/v2\/posts"}],"about":[{"href":"https:\/\/fundaciotallers.org\/es\/wp-json\/wp\/v2\/types\/post"}],"author":[{"embeddable":true,"href":"https:\/\/fundaciotallers.org\/es\/wp-json\/wp\/v2\/users\/2"}],"replies":[{"embeddable":true,"href":"https:\/\/fundaciotallers.org\/es\/wp-json\/wp\/v2\/comments?post=2600"}],"version-history":[{"count":1,"href":"https:\/\/fundaciotallers.org\/es\/wp-json\/wp\/v2\/posts\/2600\/revisions"}],"predecessor-version":[{"id":2601,"href":"https:\/\/fundaciotallers.org\/es\/wp-json\/wp\/v2\/posts\/2600\/revisions\/2601"}],"wp:featuredmedia":[{"embeddable":true,"href":"https:\/\/fundaciotallers.org\/es\/wp-json\/wp\/v2\/media\/2597"}],"wp:attachment":[{"href":"https:\/\/fundaciotallers.org\/es\/wp-json\/wp\/v2\/media?parent=2600"}],"wp:term":[{"taxonomy":"category","embeddable":true,"href":"https:\/\/fundaciotallers.org\/es\/wp-json\/wp\/v2\/categories?post=2600"},{"taxonomy":"post_tag","embeddable":true,"href":"https:\/\/fundaciotallers.org\/es\/wp-json\/wp\/v2\/tags?post=2600"}],"curies":[{"name":"wp","href":"https:\/\/api.w.org\/{rel}","templated":true}]}}