{"id":2530,"date":"2020-06-02T07:30:37","date_gmt":"2020-06-02T07:30:37","guid":{"rendered":"https:\/\/mmkt.dev\/tallers\/?p=2530"},"modified":"2020-06-17T07:32:57","modified_gmt":"2020-06-17T07:32:57","slug":"planning-de-actividades-semana-del-2-al-5-de-junio","status":"publish","type":"post","link":"https:\/\/fundaciotallers.org\/es\/2020\/06\/02\/planning-de-actividades-semana-del-2-al-5-de-junio\/","title":{"rendered":"Planning de actividades semana del 2 al 5 de junio"},"content":{"rendered":"<p>Esta semana de lunes festivo la <strong>empezamos en martes haciendo deporte a trav\u00e9s de la plataforma Jitsi<\/strong>, por lo que nos encontraremos todos en el mismo momento haciendo ejercicio, cada uno desde su casa pero <strong>vi\u00e9ndonos a trav\u00e9s de una pantalla<\/strong>. Esta misma f\u00f3rmula tambi\u00e9n la usaremos para <strong>Zumba y Mindfulness<\/strong>, para terminar la semana con una sesi\u00f3n de <strong>Lengua de los Signos a trav\u00e9s de Youtube con \u00a0Margarita<\/strong> y como siempre, el <strong>Trivial<\/strong>, los viernes justo antes de empezar el fin de semana.<\/p>\n<p>&nbsp;<\/p>\n<p><img fetchpriority=\"high\" decoding=\"async\" class=\"alignleft size-large wp-image-2402\" src=\"https:\/\/fundaciotallers.org\/wp-content\/uploads\/2020\/06\/2_5_JUNY-1024x724-1.jpg\" alt=\"\" width=\"1024\" height=\"724\" \/><\/p>\n","protected":false},"excerpt":{"rendered":"<p>Esta semana de lunes festivo la empezamos en martes haciendo deporte a trav\u00e9s de la plataforma Jitsi, por lo que nos encontraremos todos en el mismo momento haciendo ejercicio, cada uno desde su casa pero vi\u00e9ndonos a trav\u00e9s de una pantalla. Esta misma f\u00f3rmula tambi\u00e9n la usaremos para Zumba y Mindfulness, para terminar la semana con una sesi\u00f3n de Lengua&hellip;<\/p>\n","protected":false},"author":2,"featured_media":2531,"comment_status":"open","ping_status":"open","sticky":false,"template":"","format":"standard","meta":{"footnotes":""},"categories":[97,61],"tags":[98],"class_list":["post-2530","post","type-post","status-publish","format-standard","has-post-thumbnail","hentry","category-covid19-fundacio-tallers-es","category-fundacio-tallers-es","tag-covid19-es"],"_links":{"self":[{"href":"https:\/\/fundaciotallers.org\/es\/wp-json\/wp\/v2\/posts\/2530","targetHints":{"allow":["GET"]}}],"collection":[{"href":"https:\/\/fundaciotallers.org\/es\/wp-json\/wp\/v2\/posts"}],"about":[{"href":"https:\/\/fundaciotallers.org\/es\/wp-json\/wp\/v2\/types\/post"}],"author":[{"embeddable":true,"href":"https:\/\/fundaciotallers.org\/es\/wp-json\/wp\/v2\/users\/2"}],"replies":[{"embeddable":true,"href":"https:\/\/fundaciotallers.org\/es\/wp-json\/wp\/v2\/comments?post=2530"}],"version-history":[{"count":1,"href":"https:\/\/fundaciotallers.org\/es\/wp-json\/wp\/v2\/posts\/2530\/revisions"}],"predecessor-version":[{"id":2534,"href":"https:\/\/fundaciotallers.org\/es\/wp-json\/wp\/v2\/posts\/2530\/revisions\/2534"}],"wp:featuredmedia":[{"embeddable":true,"href":"https:\/\/fundaciotallers.org\/es\/wp-json\/wp\/v2\/media\/2531"}],"wp:attachment":[{"href":"https:\/\/fundaciotallers.org\/es\/wp-json\/wp\/v2\/media?parent=2530"}],"wp:term":[{"taxonomy":"category","embeddable":true,"href":"https:\/\/fundaciotallers.org\/es\/wp-json\/wp\/v2\/categories?post=2530"},{"taxonomy":"post_tag","embeddable":true,"href":"https:\/\/fundaciotallers.org\/es\/wp-json\/wp\/v2\/tags?post=2530"}],"curies":[{"name":"wp","href":"https:\/\/api.w.org\/{rel}","templated":true}]}}