{"id":1856,"date":"2019-11-29T13:00:55","date_gmt":"2019-11-29T13:00:55","guid":{"rendered":"https:\/\/fundaciotallers.org\/?p=1856"},"modified":"2019-11-29T13:49:33","modified_gmt":"2019-11-29T13:49:33","slug":"1856","status":"publish","type":"post","link":"https:\/\/fundaciotallers.org\/es\/2019\/11\/29\/1856\/","title":{"rendered":""},"content":{"rendered":"<p>Una de las claves para conseguir el <strong>bienestar de las personas<\/strong> es el contacto cercano, directo y constante con las <strong>familias<\/strong>. Ellas conocen de primera mano las necesidades que surgen y que precisan atenci\u00f3n, se establece una relaci\u00f3n de <strong>confianza<\/strong> para poder transmitir y de esta manera podemos p<strong>roporcionar los apoyos necesarios<\/strong>.<\/p>\n<p>Con la intenci\u00f3n de encontrar soluciones entre todos, desde la Fundaci\u00f3 Tallers ponemos las <strong>ganas, el empuje y empat\u00eda<\/strong> para llevar a cabo <strong>ideas, soluciones, demandas y propuestas<\/strong> que surgen de estas conversaciones anuales que hacen mejorar la calidad de vida de las personas.<\/p>\n<p>Personas directamente vinculadas con el <strong>Centro Ocupacional y el Centro Especial de Trabajo<\/strong>, profesionales, familias y voluntariado, \u00e9ste era a grandes rasgos, quien asist\u00eda en el encuentro de este 2019. La Biblioteca de Singuerl\u00edn Salvador Cabr\u00e9 sirvi\u00f3 como marco para desarrollar un encuentro dinamizada por <strong>Susanna Vert<\/strong> que ide\u00f3 una <strong>din\u00e1mica de participaci\u00f3n<\/strong> pensada para que a trav\u00e9s de la reflexi\u00f3n surgen los<strong> conceptos impulsores<\/strong> (para avanzar hacia una sociedad m\u00e1s inclusiva), <strong>conceptos de propuestas<\/strong> (para llevarlas a cabo), as\u00ed as\u00ed como los <strong>obst\u00e1culos<\/strong> que se prev\u00e9 encontrar por el camino.<br \/>\nPor ejemplo, como impulsores encontramos conceptos como \u00abRespeto para vivir todos con todos\u00bb, \u00abAutoestima\u00bb, como obst\u00e1culos \u00abmiedo al fracaso\u00bb o \u00abfalta de recursos por parte de la administraci\u00f3n\u00bb, en cambio como elementos de uni\u00f3n para llevar a cabo los conceptos encontramos \u00abRomper tab\u00faes\u00bb o \u00abdar las gracias\u00bb.<\/p>\n<p>La participaci\u00f3n estaba asegurada, y el desarrollo de la jornada fue posible gracias a la c<strong>olaboraci\u00f3n activa de las personas con discapacidad intelectual y \/ o problemas de salud mental<\/strong> que acontecieron elementos claves a la hora de realizar tareas como el <strong>control de entrada, la entrega de material de la jornada, la recogida de ideas durante la din\u00e1mica<\/strong> o incluso ponerse el delantal para <strong>hacer la comida<\/strong> colectiva que tuvo lugar al mediod\u00eda.<br \/>\nY para redondear la jornada &#8230; un grupo de madres prepararon una coreograf\u00eda fant\u00e1stica que arrancaron unos \u00abdancings\u00bb colectivos.<\/p>\n<p>Todo el mundo a bailar!<\/p>\n<p>Para ver las im\u00e1genes de la jornada, haz clic en el siguiente v\u00eddeo:<\/p>\n<p>&nbsp;<\/p>\n<p><a href=\"https:\/\/youtu.be\/Wye7XlD8XXs\" target=\"_blank\" rel=\"noopener\"><img fetchpriority=\"high\" decoding=\"async\" class=\"alignleft wp-image-1851 size-large\" src=\"https:\/\/fundaciotallers.org\/wp-content\/uploads\/2019\/11\/video-1024x499.jpg\" alt=\"\" width=\"1024\" height=\"499\" srcset=\"https:\/\/fundaciotallers.org\/wp-content\/uploads\/2019\/11\/video-1024x499.jpg 1024w, https:\/\/fundaciotallers.org\/wp-content\/uploads\/2019\/11\/video-300x146.jpg 300w, https:\/\/fundaciotallers.org\/wp-content\/uploads\/2019\/11\/video-768x374.jpg 768w\" sizes=\"(max-width: 1024px) 100vw, 1024px\" \/><\/a><\/p>\n","protected":false},"excerpt":{"rendered":"<p>Una de las claves para conseguir el bienestar de las personas es el contacto cercano, directo y constante con las familias. Ellas conocen de primera mano las necesidades que surgen y que precisan atenci\u00f3n, se establece una relaci\u00f3n de confianza para poder transmitir y de esta manera podemos proporcionar los apoyos necesarios. Con la intenci\u00f3n de encontrar soluciones entre todos,&hellip;<\/p>\n","protected":false},"author":2,"featured_media":1848,"comment_status":"open","ping_status":"open","sticky":false,"template":"","format":"standard","meta":{"footnotes":""},"categories":[53,54,55,49,61],"tags":[],"class_list":["post-1856","post","type-post","status-publish","format-standard","has-post-thumbnail","hentry","category-badia-del-valles-es","category-centro-especial-de-trabajo","category-centro-ocupacional","category-con-y-por-las-personas","category-fundacio-tallers-es"],"_links":{"self":[{"href":"https:\/\/fundaciotallers.org\/es\/wp-json\/wp\/v2\/posts\/1856","targetHints":{"allow":["GET"]}}],"collection":[{"href":"https:\/\/fundaciotallers.org\/es\/wp-json\/wp\/v2\/posts"}],"about":[{"href":"https:\/\/fundaciotallers.org\/es\/wp-json\/wp\/v2\/types\/post"}],"author":[{"embeddable":true,"href":"https:\/\/fundaciotallers.org\/es\/wp-json\/wp\/v2\/users\/2"}],"replies":[{"embeddable":true,"href":"https:\/\/fundaciotallers.org\/es\/wp-json\/wp\/v2\/comments?post=1856"}],"version-history":[{"count":2,"href":"https:\/\/fundaciotallers.org\/es\/wp-json\/wp\/v2\/posts\/1856\/revisions"}],"predecessor-version":[{"id":1858,"href":"https:\/\/fundaciotallers.org\/es\/wp-json\/wp\/v2\/posts\/1856\/revisions\/1858"}],"wp:featuredmedia":[{"embeddable":true,"href":"https:\/\/fundaciotallers.org\/es\/wp-json\/wp\/v2\/media\/1848"}],"wp:attachment":[{"href":"https:\/\/fundaciotallers.org\/es\/wp-json\/wp\/v2\/media?parent=1856"}],"wp:term":[{"taxonomy":"category","embeddable":true,"href":"https:\/\/fundaciotallers.org\/es\/wp-json\/wp\/v2\/categories?post=1856"},{"taxonomy":"post_tag","embeddable":true,"href":"https:\/\/fundaciotallers.org\/es\/wp-json\/wp\/v2\/tags?post=1856"}],"curies":[{"name":"wp","href":"https:\/\/api.w.org\/{rel}","templated":true}]}}