{"id":1843,"date":"2019-11-26T13:53:21","date_gmt":"2019-11-26T13:53:21","guid":{"rendered":"https:\/\/fundaciotallers.org\/?p=1843"},"modified":"2019-11-26T13:58:17","modified_gmt":"2019-11-26T13:58:17","slug":"jornada-de-formacion-centro-especial-de-empleo-mediambiente-y-autogestion","status":"publish","type":"post","link":"https:\/\/fundaciotallers.org\/es\/2019\/11\/26\/jornada-de-formacion-centro-especial-de-empleo-mediambiente-y-autogestion\/","title":{"rendered":"Jornada de formaci\u00f3n Centro Especial de Empleo: Mediambiente y Autogesti\u00f3n"},"content":{"rendered":"<p>El 19 de octubre, todas las personas involucradas con cualquiera de las \u00e1reas del <strong>Centro Especial de Empleo<\/strong> ten\u00edan una cita. Una vez al a\u00f1o tiene lugar una <strong>jornada de formaci\u00f3n<\/strong>, una buena ocasi\u00f3n para conocer compa\u00f1eras y compa\u00f1eros con los que no se coincide habitualmente. Este a\u00f1o, la formaci\u00f3n giraba en torno al eje de la <strong>concienciaci\u00f3n medioambiental y el proyecto de autogesti\u00f3n.<\/strong> Y es precisamente de la mano de algunas de las personas autogestores que conoceremos los detalles de la jornada, donde no falt\u00f3 la reflexi\u00f3n, el buen humor e incluso &#8230; un escape room!<\/p>\n<p>&nbsp;<\/p>\n<p><em>El s\u00e1bado d\u00eda 19 fue un d\u00eda\u00a0<strong>muy bonito<\/strong>. En la reuni\u00f3n colaboramos todos y aprendimos de los compa\u00f1eros. El juego nos fue muy bien, intercambiamos palabras con compa\u00f1eros que no conoc\u00edamos. Los compa\u00f1eros nos escuchaban y luego decid\u00edamos por d\u00f3nde ten\u00edamos que ir para conseguir y aceptar el juego. Los que jug\u00e1bamos no nos conoc\u00edamos. Cuando se ven\u00eda a la reuni\u00f3n se daba el n\u00famero para el juego. Lo primero dijimos que \u00e9ramos autogestores y que hac\u00edamos. Despu\u00e9s de almorzar, era el juego.<\/em><\/p>\n<p><em>La presentaci\u00f3n fue bonita y animaba a que la gente participara. Dur\u00f3 dos horas la reuni\u00f3n. Una an\u00e9cdota, que yo bromeaba en la reuni\u00f3n y cuando en la presentaci\u00f3n de los compa\u00f1eros tambi\u00e9n. Otra an\u00e9cdota, fue la presentaci\u00f3n de todos los compa\u00f1eros del taller, como sacar la lengua, hacer caras, mover el culo y varias cosas m\u00e1s.<\/em><\/p>\n<p>Quan explica com va ser l\u2019experi\u00e8ncia de l\u2019escape room, la Marisol destaca:<\/p>\n<p><em>El video de las cadenas estuvo muy bien, acabamos encerrados. No pod\u00edamos salir, al final entre todos, pudimos salir, estuvo muy bien.<\/em><\/p>\n<p><em>Gracias por todo.<\/em><\/p>\n<p><b>Marisol Lozano Izquierdo\u00a0<\/b><\/p>\n<p>&nbsp;<\/p>\n<p><em>La verdad que se contact\u00f3 con otros compa\u00f1eros y hubo bastante\u00a0<strong>contacto entre las personas<\/strong>. Conectaron muchas personas que antes no se conoc\u00edan y ese espacio se di\u00f3.<\/em><\/p>\n<p><em>Se les dio los n\u00fameros al entrar al taller, con lo cual se pudo realizar un n\u00famero de personas conjuntas.<\/em><\/p>\n<p><em>Se hizo una\u00a0<strong>presentaci\u00f3n muy comunicativa y con esto se cre\u00f3 un espaci\u00f3 de uni\u00f3n<\/strong>.<\/em><\/p>\n<p><em>Duro 7h en ellas diversas actividades, como\u00a0<strong>la charla de ecosistemas y reciclaje que fue muy interesante<\/strong>.<\/em><\/p>\n<p><em>Cuando se cerr\u00f3 la fundaci\u00f3n hubo sorpresa y expectaci\u00f3n.<\/em><\/p>\n<p><strong>Javier Lubian<\/strong><\/p>\n<p>&nbsp;<\/p>\n<p>&nbsp;<\/p>\n<p><em>Como grupo de autogestores\/as, organizamos nuestra presentaci\u00f3n para que todos los miembros de Fundaci\u00f3 Tallers sepan quienes somos y qu\u00e9 hacemos.<\/em><\/p>\n<p><em>Hicimos una exposici\u00f3n explicado que autogesti\u00f3n es un grupo de personas trabajadoras de Fundaci\u00f3, el cual est\u00e1 compuesto de diferentes empleados y sectores de la empresa.<\/em><\/p>\n<p><em>Somos los representantes y la voz de las cosas importantes que suceden en Fundaci\u00f3 Tallers, y a la vez tambi\u00e9n de la importancia del trabajador respecto a la empresa.<\/em><\/p>\n<p><em>Para nosotros fue muy satisfactorio, hab\u00eda mucha comunicaci\u00f3n entre nosotros, generaba inter\u00e9s en las personas lo que est\u00e1bamos explicando.<\/em><\/p>\n<p><em>Mucho compa\u00f1erismo, entre nosotros, nos lo pasamos muy bien.<\/em><\/p>\n<p><em>Nos encontramos con el grupo de forma distendida,<strong>\u00a0la gente sonre\u00eda<\/strong>.\u00a0<\/em><\/p>\n<p><em><strong>Ganamos confianza, entre nosotros, hemos ganado una amistad, entendimiento<\/strong>.<\/em><\/p>\n<p><strong>Grup de personas Autogestoras<\/strong><\/p>\n<p>&nbsp;<\/p>\n<p>&nbsp;<br \/>\n<img fetchpriority=\"high\" decoding=\"async\" class=\"size-medium wp-image-1830 alignleft\" src=\"https:\/\/fundaciotallers.org\/wp-content\/uploads\/2019\/11\/IMG_3329-300x200.jpg\" alt=\"\" width=\"300\" height=\"200\" srcset=\"https:\/\/fundaciotallers.org\/wp-content\/uploads\/2019\/11\/IMG_3329-300x200.jpg 300w, https:\/\/fundaciotallers.org\/wp-content\/uploads\/2019\/11\/IMG_3329-768x512.jpg 768w, https:\/\/fundaciotallers.org\/wp-content\/uploads\/2019\/11\/IMG_3329-1024x683.jpg 1024w\" sizes=\"(max-width: 300px) 100vw, 300px\" \/><img decoding=\"async\" class=\"size-medium wp-image-1833 alignleft\" src=\"https:\/\/fundaciotallers.org\/wp-content\/uploads\/2019\/11\/IMG_3318-300x200.jpg\" alt=\"\" width=\"300\" height=\"200\" srcset=\"https:\/\/fundaciotallers.org\/wp-content\/uploads\/2019\/11\/IMG_3318-300x200.jpg 300w, https:\/\/fundaciotallers.org\/wp-content\/uploads\/2019\/11\/IMG_3318-768x512.jpg 768w, https:\/\/fundaciotallers.org\/wp-content\/uploads\/2019\/11\/IMG_3318-1024x683.jpg 1024w\" sizes=\"(max-width: 300px) 100vw, 300px\" \/><img decoding=\"async\" class=\"size-medium wp-image-1839 alignleft\" src=\"https:\/\/fundaciotallers.org\/wp-content\/uploads\/2019\/11\/IMG_3490-300x200.jpg\" alt=\"\" width=\"300\" height=\"200\" srcset=\"https:\/\/fundaciotallers.org\/wp-content\/uploads\/2019\/11\/IMG_3490-300x200.jpg 300w, https:\/\/fundaciotallers.org\/wp-content\/uploads\/2019\/11\/IMG_3490-768x512.jpg 768w, https:\/\/fundaciotallers.org\/wp-content\/uploads\/2019\/11\/IMG_3490-1024x683.jpg 1024w\" sizes=\"(max-width: 300px) 100vw, 300px\" \/><\/p>\n<p>&nbsp;<\/p>\n","protected":false},"excerpt":{"rendered":"<p>El 19 de octubre, todas las personas involucradas con cualquiera de las \u00e1reas del Centro Especial de Empleo ten\u00edan una cita. Una vez al a\u00f1o tiene lugar una jornada de formaci\u00f3n, una buena ocasi\u00f3n para conocer compa\u00f1eras y compa\u00f1eros con los que no se coincide habitualmente. Este a\u00f1o, la formaci\u00f3n giraba en torno al eje de la concienciaci\u00f3n medioambiental y&hellip;<\/p>\n","protected":false},"author":2,"featured_media":1838,"comment_status":"open","ping_status":"open","sticky":false,"template":"","format":"standard","meta":{"footnotes":""},"categories":[54,49,61],"tags":[],"class_list":["post-1843","post","type-post","status-publish","format-standard","has-post-thumbnail","hentry","category-centro-especial-de-trabajo","category-con-y-por-las-personas","category-fundacio-tallers-es"],"_links":{"self":[{"href":"https:\/\/fundaciotallers.org\/es\/wp-json\/wp\/v2\/posts\/1843","targetHints":{"allow":["GET"]}}],"collection":[{"href":"https:\/\/fundaciotallers.org\/es\/wp-json\/wp\/v2\/posts"}],"about":[{"href":"https:\/\/fundaciotallers.org\/es\/wp-json\/wp\/v2\/types\/post"}],"author":[{"embeddable":true,"href":"https:\/\/fundaciotallers.org\/es\/wp-json\/wp\/v2\/users\/2"}],"replies":[{"embeddable":true,"href":"https:\/\/fundaciotallers.org\/es\/wp-json\/wp\/v2\/comments?post=1843"}],"version-history":[{"count":1,"href":"https:\/\/fundaciotallers.org\/es\/wp-json\/wp\/v2\/posts\/1843\/revisions"}],"predecessor-version":[{"id":1844,"href":"https:\/\/fundaciotallers.org\/es\/wp-json\/wp\/v2\/posts\/1843\/revisions\/1844"}],"wp:featuredmedia":[{"embeddable":true,"href":"https:\/\/fundaciotallers.org\/es\/wp-json\/wp\/v2\/media\/1838"}],"wp:attachment":[{"href":"https:\/\/fundaciotallers.org\/es\/wp-json\/wp\/v2\/media?parent=1843"}],"wp:term":[{"taxonomy":"category","embeddable":true,"href":"https:\/\/fundaciotallers.org\/es\/wp-json\/wp\/v2\/categories?post=1843"},{"taxonomy":"post_tag","embeddable":true,"href":"https:\/\/fundaciotallers.org\/es\/wp-json\/wp\/v2\/tags?post=1843"}],"curies":[{"name":"wp","href":"https:\/\/api.w.org\/{rel}","templated":true}]}}