{"id":1812,"date":"2019-10-30T16:27:35","date_gmt":"2019-10-30T16:27:35","guid":{"rendered":"https:\/\/fundaciotallers.org\/?p=1812"},"modified":"2019-10-30T16:37:41","modified_gmt":"2019-10-30T16:37:41","slug":"exito-del-trabajo-en-red-tambien-para-la-insercion-de-laboral","status":"publish","type":"post","link":"https:\/\/fundaciotallers.org\/es\/2019\/10\/30\/exito-del-trabajo-en-red-tambien-para-la-insercion-de-laboral\/","title":{"rendered":"\u00c9xito del trabajo en red (tambi\u00e9n) para la inserci\u00f3n de laboral"},"content":{"rendered":"<p><span style=\"font-weight: 400;\">Generar <strong>oportunidades sociolaborales<\/strong>, desarrollar <strong>planes personales de inserci\u00f3n<\/strong> para la p<strong>articipaci\u00f3n en la sociedad<\/strong> en igualdad de oportunidades con los <strong>apoyos especializados<\/strong> y adaptados a las preferencias de las personas atendidas.<\/span><\/p>\n<p><span style=\"font-weight: 400;\">A grandes rasgos, estos son los objetivos del SIL, el <strong>Servicio de Inserci\u00f3n Laboral<\/strong> de la Fundaci\u00f3 Tallers, que <strong>trabaja en red<\/strong> con los agentes sociales del territorio, la red de salud mental, los Servicios Sociales, con recursos formativos, con entidades, con empresas y familias para lograr su prop\u00f3sito y que adem\u00e1s cuenta con la complicidad del <strong>Ayuntamiento de Badia del Vall\u00e8s<\/strong> y de <strong>Barber\u00e0 del Vall\u00e8s<\/strong> a trav\u00e9s de un convenio de colaboraci\u00f3n.<\/span><\/p>\n<p><span style=\"font-weight: 400;\">Con la llegada del oto\u00f1o es el momento de hacer balance de este \u00faltimo curso (julio 2018-junio 2019) de los <strong>Servicios Integrales de Orientaci\u00f3n y Acompa\u00f1amiento y Apoyo a la Inserci\u00f3n de las Personas con Discapacidad y \/ o Problemas de Salud Mental (SIOA 2018)<\/strong>, con la subvenci\u00f3n del <strong>Departament de Treball, Afers Socials i Fam\u00edlies de la Generalitat de Catalunya<\/strong> y la cofinanciaci\u00f3n del <strong>Fondo Social Europeo<\/strong>.<\/span><\/p>\n<p>&nbsp;<\/p>\n<p><span style=\"font-weight: 400;\">Hablemos de cifras.<\/span><\/p>\n<p>&nbsp;<\/p>\n<p><b>Perfil de las personas participantes que han completado el itinerario:<\/b><\/p>\n<ul>\n<li><b>Personas con diagn\u00f3stico trastorno de salud mental o discapacidad intelectual a partir del 33% o discapacidad f\u00edsica o sensorial superior al 65%:<\/b><span style=\"font-weight: 400; color: #449e35;\"> 20<\/span><\/li>\n<li><b>Personas con diagn\u00f3stico discapacidad no severa (f\u00edsica o sensorial inferior al 65%):<\/b><span style=\"font-weight: 400; color: #449e35;\"> 30<\/span><\/li>\n<\/ul>\n<p>&nbsp;<\/p>\n<p><strong>Resultados obtenidos:<\/strong><\/p>\n<ul>\n<li><b>Personas que han conseguido trabajo en la empresa ordinaria<\/b><span style=\"font-weight: 400;\">: <span style=\"color: #449e35;\">28 (10 mujeres, 18 hombres)<\/span><\/span><\/li>\n<li><b>Personas que han realizar pr\u00e1cticas no laborales en empresas: <\/b><span style=\"font-weight: 400; color: #449e35;\">14 (9 mujeres, 5 hombres)<\/span><\/li>\n<\/ul>\n<p>&nbsp;<\/p>\n<p><span style=\"font-weight: 400;\">Una de las claves del buen funcionamiento del servicio es el <strong>trabajo en red<\/strong> con el <strong>tejido empresarial<\/strong> del territorio. Se han contactado <strong>a m\u00e1s de 70 empresas<\/strong>, gestionando casi <strong>90 ofertas de trabajo<\/strong> y se han firmado <strong>10 nuevos convenios de colaboraci\u00f3n<\/strong> con la finalidad de mejorar la oportunidad de empleo de las personas con discapacidad.<\/span><\/p>\n<p><span style=\"font-weight: 400;\">Adem\u00e1s, en la Fundaci\u00f3 Tallers ofrecemos un <strong>acompa\u00f1amiento psicol\u00f3gico-emocional<\/strong> que incluyen t<strong>alleres de autoconocimiento<\/strong>,<strong> gesti\u00f3n emocional y motivaci\u00f3n<\/strong>, entre otros; todo ello pensado para fomentar el <strong>crecimiento laboral<\/strong>, <strong>autoestima<\/strong> y <strong>empoderamiento<\/strong>.<\/span><\/p>\n<p>&nbsp;<\/p>\n<p><span style=\"font-weight: 400;\">Destacamos tambi\u00e9n que se ha iniciado una colaboraci\u00f3n de <strong>pr\u00e1cticas<\/strong> con el Ayuntamiento de Badia del Vall\u00e8s, con una presencia en la <strong>Biblioteca Vicente Aleixandre<\/strong>. Este hecho es especialmente relevante para poner en valor la realidad y las <strong>capacidades profesionales del colectivo<\/strong> atendido.<\/span><\/p>\n<p>&nbsp;<\/p>\n<p><span style=\"font-weight: 400;\">Por otra parte, formamos parte de la red de entidades del programa <strong>Incorpora de La Caixa<\/strong>. Este programa quiere implicar a las empresas en la pr\u00e1ctica de la <strong>Responsabilidad Social Corporativa<\/strong>, ofreciendo un servicio de intermediaci\u00f3n y asesoramiento. La Fundaci\u00f3 Tallers particip\u00f3 en un <strong>Speed \u200b\u200bDating<\/strong>, donde se realizaron m\u00e1s de <strong>500 entrevistas<\/strong> para cubrir <strong>30 ofertas<\/strong> de un total de <strong>12 empresas<\/strong> de diversos sectores.<\/span><\/p>\n<p><img decoding=\"async\" class=\"aligncenter size-full wp-image-1807\" src=\"https:\/\/fundaciotallers.org\/wp-content\/uploads\/2019\/10\/sioas_incorpora.jpg\" alt=\"\" width=\"600\" height=\"53\" srcset=\"https:\/\/fundaciotallers.org\/wp-content\/uploads\/2019\/10\/sioas_incorpora.jpg 600w, https:\/\/fundaciotallers.org\/wp-content\/uploads\/2019\/10\/sioas_incorpora-300x27.jpg 300w\" sizes=\"(max-width: 600px) 100vw, 600px\" \/><\/p>\n","protected":false},"excerpt":{"rendered":"<p>Generar oportunidades sociolaborales, desarrollar planes personales de inserci\u00f3n para la participaci\u00f3n en la sociedad en igualdad de oportunidades con los apoyos especializados y adaptados a las preferencias de las personas atendidas. A grandes rasgos, estos son los objetivos del SIL, el Servicio de Inserci\u00f3n Laboral de la Fundaci\u00f3 Tallers, que trabaja en red con los agentes sociales del territorio, la&hellip;<\/p>\n","protected":false},"author":2,"featured_media":1804,"comment_status":"open","ping_status":"open","sticky":false,"template":"","format":"standard","meta":{"footnotes":""},"categories":[53,54,49,60,61,63,75,68],"tags":[],"class_list":["post-1812","post","type-post","status-publish","format-standard","has-post-thumbnail","hentry","category-badia-del-valles-es","category-centro-especial-de-trabajo","category-con-y-por-las-personas","category-empresas-con-vision-social","category-fundacio-tallers-es","category-insercion-laboral","category-insercion-sociolaboral","category-personas"],"_links":{"self":[{"href":"https:\/\/fundaciotallers.org\/es\/wp-json\/wp\/v2\/posts\/1812","targetHints":{"allow":["GET"]}}],"collection":[{"href":"https:\/\/fundaciotallers.org\/es\/wp-json\/wp\/v2\/posts"}],"about":[{"href":"https:\/\/fundaciotallers.org\/es\/wp-json\/wp\/v2\/types\/post"}],"author":[{"embeddable":true,"href":"https:\/\/fundaciotallers.org\/es\/wp-json\/wp\/v2\/users\/2"}],"replies":[{"embeddable":true,"href":"https:\/\/fundaciotallers.org\/es\/wp-json\/wp\/v2\/comments?post=1812"}],"version-history":[{"count":1,"href":"https:\/\/fundaciotallers.org\/es\/wp-json\/wp\/v2\/posts\/1812\/revisions"}],"predecessor-version":[{"id":1813,"href":"https:\/\/fundaciotallers.org\/es\/wp-json\/wp\/v2\/posts\/1812\/revisions\/1813"}],"wp:featuredmedia":[{"embeddable":true,"href":"https:\/\/fundaciotallers.org\/es\/wp-json\/wp\/v2\/media\/1804"}],"wp:attachment":[{"href":"https:\/\/fundaciotallers.org\/es\/wp-json\/wp\/v2\/media?parent=1812"}],"wp:term":[{"taxonomy":"category","embeddable":true,"href":"https:\/\/fundaciotallers.org\/es\/wp-json\/wp\/v2\/categories?post=1812"},{"taxonomy":"post_tag","embeddable":true,"href":"https:\/\/fundaciotallers.org\/es\/wp-json\/wp\/v2\/tags?post=1812"}],"curies":[{"name":"wp","href":"https:\/\/api.w.org\/{rel}","templated":true}]}}