{"id":1732,"date":"2019-10-02T02:00:51","date_gmt":"2019-10-02T02:00:51","guid":{"rendered":"https:\/\/fundaciotallers.org\/?p=1732"},"modified":"2019-10-01T12:33:07","modified_gmt":"2019-10-01T12:33:07","slug":"bailar-por-vibracion-dia-internacional-de-las-personas-sordas","status":"publish","type":"post","link":"https:\/\/fundaciotallers.org\/es\/2019\/10\/02\/bailar-por-vibracion-dia-internacional-de-las-personas-sordas\/","title":{"rendered":"Bailar por vibraci\u00f3n &#8211; D\u00eda Internacional de las Personas Sordas"},"content":{"rendered":"<p><span style=\"font-weight: 400;\">Hoy es el <strong>D\u00eda Internacional de las Personas Sordas<\/strong> y queremos saber algo m\u00e1s de <strong>Salima<\/strong>, una persona con discapacidad auditiva que hace 24 a\u00f1os que trabaja en el Centro Especial de Trabajo de la Fundaci\u00f3 Tallers. En los \u00faltimos 8 a\u00f1os, dedica su jornada laboral al \u00e1rea Industrial: corta las diferentes piezas de unos patrones para una firma de marroquiner\u00eda y es la encargada de llevar a cabo los pedidos urgentes. Es muy r\u00e1pida y precisa trabajando y desarrolla las tareas con poco tiempo y mucha seguridad.<\/span><\/p>\n<p>&nbsp;<\/p>\n<p><span style=\"font-weight: 400;\">Aunque para un persona que la conozca de nuevo le sea un poco dificultoso en un primer momento, Salima puede hablar utilizando la voz, <strong>no sufre ninguna dolencia en las cuerdas vocales<\/strong> (como la mayor\u00eda de las personas sordas, en realidad). En esta conversaci\u00f3n nos acompa\u00f1a <strong>Roser<\/strong>, una monitora que trabaja con ella y que nos ayudar\u00e1 a interpretar la expresi\u00f3n de Salima.<\/span><\/p>\n<p>&nbsp;<\/p>\n<p><span style=\"font-weight: 400;\">Salima es una <strong>persona habladora y le gusta dar su opini\u00f3n<\/strong> sobre todo lo que pasa. Explica que est\u00e1 casada tambi\u00e9n con una persona sorda y que a menudo salen a cenar, ya sea con otras parejas o ella sola con sus amigas, con quien tambi\u00e9n hablan con la <strong>lengua de signos<\/strong>.<\/span><\/p>\n<p><span style=\"font-weight: 400;\">Nos dice que en la lengua de signos est\u00e1 la simbolog\u00eda y tambi\u00e9n el <strong>alfabeto<\/strong> y que ella sabe de las dos maneras.<\/span><\/p>\n<p><span style=\"font-weight: 400;\">De hecho, el lenguaje de signos es propio de cada cultura, es decir, cada concepto es representado de acuerdo con la cultura ancestral del territorio y, adem\u00e1s, existe el alfabeto. De modo que no es lo mismo la lengua de los signos en la zona asi\u00e1tica que en la nuestra, por ejemplo.<\/span><\/p>\n<p>&nbsp;<\/p>\n<p><span style=\"font-weight: 400;\">M\u00e1s all\u00e1 de la lengua de signos, sentimos curiosidad por su cotidianidad y ella nos aclara encantada algunos interrogantes que ten\u00edamos:<\/span><\/p>\n<p>&nbsp;<\/p>\n<p><span style=\"font-weight: 400;\">En casa, por ejemplo, para ver la televisi\u00f3n, siempre lo hacen con <strong>subt\u00edtulos<\/strong>.<\/span><\/p>\n<p><span style=\"font-weight: 400;\">No por no o\u00edr no pueden bailar: las personas sordas se gu\u00edan por el <strong>ritmo<\/strong> que genera la <strong>vibraci\u00f3n<\/strong>. De hecho, le encantan las coreograf\u00edas, ir a la discoteca y desmelenarse en la pista de baile.<\/span><\/p>\n<p><span style=\"font-weight: 400;\">Y cuando el metro hay una incidencia y es anunciada por megafon\u00eda, ella capta las <strong>expresiones<\/strong> de la gente, sigue el movimiento que hacen el resto de personas y pregunta qu\u00e9 es lo que pasa. Normalmente encuentra colaboraci\u00f3n y amabilidad.<\/span><\/p>\n<p>&nbsp;<\/p>\n<p><span style=\"font-weight: 400;\">Para terminar le preguntamos si quiere decir algo m\u00e1s y a\u00f1ade con una sonrisa que est\u00e1 <strong>muy contenta de trabajar aqu\u00ed<\/strong>, de tener <strong>su sueldo<\/strong>, que tiene <strong>salud y que su familia tambi\u00e9n<\/strong>, que esto es lo m\u00e1s importante.<\/span><\/p>\n<p>&nbsp;<\/p>\n","protected":false},"excerpt":{"rendered":"<p>Hoy es el D\u00eda Internacional de las Personas Sordas y queremos saber algo m\u00e1s de Salima, una persona con discapacidad auditiva que hace 24 a\u00f1os que trabaja en el Centro Especial de Trabajo de la Fundaci\u00f3 Tallers. En los \u00faltimos 8 a\u00f1os, dedica su jornada laboral al \u00e1rea Industrial: corta las diferentes piezas de unos patrones para una firma de&hellip;<\/p>\n","protected":false},"author":2,"featured_media":1730,"comment_status":"open","ping_status":"open","sticky":false,"template":"","format":"standard","meta":{"footnotes":""},"categories":[54,49,61,68],"tags":[],"class_list":["post-1732","post","type-post","status-publish","format-standard","has-post-thumbnail","hentry","category-centro-especial-de-trabajo","category-con-y-por-las-personas","category-fundacio-tallers-es","category-personas"],"_links":{"self":[{"href":"https:\/\/fundaciotallers.org\/es\/wp-json\/wp\/v2\/posts\/1732","targetHints":{"allow":["GET"]}}],"collection":[{"href":"https:\/\/fundaciotallers.org\/es\/wp-json\/wp\/v2\/posts"}],"about":[{"href":"https:\/\/fundaciotallers.org\/es\/wp-json\/wp\/v2\/types\/post"}],"author":[{"embeddable":true,"href":"https:\/\/fundaciotallers.org\/es\/wp-json\/wp\/v2\/users\/2"}],"replies":[{"embeddable":true,"href":"https:\/\/fundaciotallers.org\/es\/wp-json\/wp\/v2\/comments?post=1732"}],"version-history":[{"count":1,"href":"https:\/\/fundaciotallers.org\/es\/wp-json\/wp\/v2\/posts\/1732\/revisions"}],"predecessor-version":[{"id":1733,"href":"https:\/\/fundaciotallers.org\/es\/wp-json\/wp\/v2\/posts\/1732\/revisions\/1733"}],"wp:featuredmedia":[{"embeddable":true,"href":"https:\/\/fundaciotallers.org\/es\/wp-json\/wp\/v2\/media\/1730"}],"wp:attachment":[{"href":"https:\/\/fundaciotallers.org\/es\/wp-json\/wp\/v2\/media?parent=1732"}],"wp:term":[{"taxonomy":"category","embeddable":true,"href":"https:\/\/fundaciotallers.org\/es\/wp-json\/wp\/v2\/categories?post=1732"},{"taxonomy":"post_tag","embeddable":true,"href":"https:\/\/fundaciotallers.org\/es\/wp-json\/wp\/v2\/tags?post=1732"}],"curies":[{"name":"wp","href":"https:\/\/api.w.org\/{rel}","templated":true}]}}