{"id":1712,"date":"2019-07-30T08:12:59","date_gmt":"2019-07-30T08:12:59","guid":{"rendered":"https:\/\/fundaciotallers.org\/?p=1712"},"modified":"2019-07-30T08:31:07","modified_gmt":"2019-07-30T08:31:07","slug":"paola-dos-meses-de-emociones-en-la-fundacio-tallers","status":"publish","type":"post","link":"https:\/\/fundaciotallers.org\/es\/2019\/07\/30\/paola-dos-meses-de-emociones-en-la-fundacio-tallers\/","title":{"rendered":"Paola: dos meses de emociones en la Fundaci\u00f3 Tallers"},"content":{"rendered":"<p><span style=\"font-weight: 400;\">Trasladarse a Barcelona, \u200b\u200bcompartir piso con otros estudiantes y coger cada d\u00eda el metro para venir a hacer pr\u00e1cticas en Santa Coloma de Gramenet. Negro sobre blanco, esto es lo que ha hecho durante los \u00faltimos 60 d\u00edas <strong>Paola<\/strong>, una chica americana que ha hecho pr\u00e1cticas en el Centro Ocupacional de la Fundaci\u00f3 Tallers.<\/span><\/p>\n<p><span style=\"font-weight: 400;\">La realidad fuera del papel siempre es m\u00e1s <strong>amplia y enriquecedora<\/strong>. Y es que la historia de la Paola con la Fundaci\u00f3n tiene una fuerte carga de magnetismo y emoci\u00f3n.<\/span><\/p>\n<p><span style=\"font-weight: 400;\">Paola Lopez tiene 21 a\u00f1os y es de <strong>Austin, Texas<\/strong>. El castellano fluido le proviene de casa. La madre y el padre son provenientes de M\u00e9xico, aunque entre ellos normalmente hablan en ingl\u00e9s.<\/span><\/p>\n<p><span style=\"font-weight: 400;\">Una de las primeras cosas que explica la Paola es que est\u00e1 aqu\u00ed porque ha querido hacer pr\u00e1cticas fuera de los Estados Unidos a trav\u00e9s de <strong>Study Abroad Services (SAS)<\/strong>. Ella es estudiante de <strong>Psicolog\u00eda<\/strong> en la <strong>Texas A &amp; M University Corpus Christi<\/strong> y acabar\u00e1 sus estudios en diciembre.\u00a0<\/span><\/p>\n<p><span style=\"font-weight: 400;\">Hasta aqu\u00ed podr\u00edamos pensar que estamos ante una <strong>mente inquieta<\/strong> (que lo es), pero cuando empieza relatar su experiencia, sale a la luz que la estancia en Tallers tambi\u00e9n es fruto de una experiencia m\u00e1s personal. Explica que su <strong>hermana<\/strong> sufre depresi\u00f3n y quer\u00eda ver realidades en otros pa\u00edses para comparar maneras de tratar a las <strong>personas<\/strong>. Se emociona cuando habla de ello y se le hace dif\u00edcil poner palabras.<\/span><\/p>\n<p><span style=\"font-weight: 400;\">Despu\u00e9s de su experiencia lo sintetiza as\u00ed: <strong>\u00abOjal\u00e1 mi hermana estuviera aqu\u00ed en la Fundaci\u00f3 Tallers\u00bb<\/strong>.<\/span><\/p>\n<p><span style=\"font-weight: 400;\"><strong>\u00abAqu\u00ed se trata a todos por igual. Hay una buena acogida y afecto para todos \u00ab<\/strong>, esta es una de las cosas que m\u00e1s destaca, pero no es la \u00fanica. De hecho, valora su vivencia m\u00e1s que positiva. <strong>\u00abHe venido sola aqu\u00ed y desde el primer d\u00eda en la puerta siempre hay alguien que me espera y me saluda. Es como si no fuera de Estados Unidos\u00bb<\/strong>.<\/span><\/p>\n<p><span style=\"font-weight: 400;\">Paola transmite calidez humana desde el primer momento, es de las personas que valoran el d\u00eda a d\u00eda y las peque\u00f1as cosas.<\/span><\/p>\n<p><span style=\"font-weight: 400;\">Con alegr\u00eda y emoci\u00f3n explica que Emilio (un usuario del Centro Ocupacional) le pregunta cada d\u00eda como se llama, ella cada d\u00eda le hace el ejercicio de explicarle y decirle su nombre &#8230; hasta que un d\u00eda el Emilio le dice <strong>\u00abte conozco !\u00bb<\/strong>.<\/span><\/p>\n<p><span style=\"font-weight: 400;\">Tambi\u00e9n habla muy positivamente del proyecto de ocio: <strong>\u00abCuando haces actividades inclusivas dentro de la ciudadan\u00eda con personas con discapacidad intelectual o enfermedad mental, se reconoce el grupo por la calle y los vecinos y vecinas saludan contentos. Me encanta ir a la piscina o tomar algo\u00bb<\/strong>.<\/span><\/p>\n<p><span style=\"font-weight: 400;\">Para terminar la conversaci\u00f3n, hablamos de c\u00f3mo le explicar\u00eda a alguien qu\u00e9 es lo que se encontrar\u00e1 si viene a la Fundaci\u00f3 Tallers:<\/span><\/p>\n<p><span style=\"font-weight: 400;\"><strong>\u00abEncontrar\u00e1s las personas m\u00e1s altruistas que conocer\u00e1s en tu vida, aprender\u00e1s a poner los otros por delante de ti misma. La cantidad de estima que hay en todo el edificio no la encontrar\u00e1s en ning\u00fan otro lugar. Y me encanta. No me quiero ir\u00bb<\/strong>.<\/span><\/p>\n<p><span style=\"font-weight: 400;\">Emociones vividas en apenas 60 d\u00edas. Lejos de los suyos, pero sinti\u00e9ndose como en casa. Ahora es hora de volver a Austin, de terminar los estudios y retomar la trayectoria profesional que se adivina prometedora y con vocaci\u00f3n de servicio a las personas.<\/span><\/p>\n<p>&nbsp;<\/p>\n","protected":false},"excerpt":{"rendered":"<p>Trasladarse a Barcelona, \u200b\u200bcompartir piso con otros estudiantes y coger cada d\u00eda el metro para venir a hacer pr\u00e1cticas en Santa Coloma de Gramenet. Negro sobre blanco, esto es lo que ha hecho durante los \u00faltimos 60 d\u00edas Paola, una chica americana que ha hecho pr\u00e1cticas en el Centro Ocupacional de la Fundaci\u00f3 Tallers. La realidad fuera del papel siempre&hellip;<\/p>\n","protected":false},"author":2,"featured_media":1711,"comment_status":"open","ping_status":"open","sticky":false,"template":"","format":"standard","meta":{"footnotes":""},"categories":[55,57,49,61,68,69,72],"tags":[],"class_list":["post-1712","post","type-post","status-publish","format-standard","has-post-thumbnail","hentry","category-centro-ocupacional","category-comunidad","category-con-y-por-las-personas","category-fundacio-tallers-es","category-personas","category-santa-coloma-de-gramanet","category-valor-social-es"],"_links":{"self":[{"href":"https:\/\/fundaciotallers.org\/es\/wp-json\/wp\/v2\/posts\/1712","targetHints":{"allow":["GET"]}}],"collection":[{"href":"https:\/\/fundaciotallers.org\/es\/wp-json\/wp\/v2\/posts"}],"about":[{"href":"https:\/\/fundaciotallers.org\/es\/wp-json\/wp\/v2\/types\/post"}],"author":[{"embeddable":true,"href":"https:\/\/fundaciotallers.org\/es\/wp-json\/wp\/v2\/users\/2"}],"replies":[{"embeddable":true,"href":"https:\/\/fundaciotallers.org\/es\/wp-json\/wp\/v2\/comments?post=1712"}],"version-history":[{"count":4,"href":"https:\/\/fundaciotallers.org\/es\/wp-json\/wp\/v2\/posts\/1712\/revisions"}],"predecessor-version":[{"id":1716,"href":"https:\/\/fundaciotallers.org\/es\/wp-json\/wp\/v2\/posts\/1712\/revisions\/1716"}],"wp:featuredmedia":[{"embeddable":true,"href":"https:\/\/fundaciotallers.org\/es\/wp-json\/wp\/v2\/media\/1711"}],"wp:attachment":[{"href":"https:\/\/fundaciotallers.org\/es\/wp-json\/wp\/v2\/media?parent=1712"}],"wp:term":[{"taxonomy":"category","embeddable":true,"href":"https:\/\/fundaciotallers.org\/es\/wp-json\/wp\/v2\/categories?post=1712"},{"taxonomy":"post_tag","embeddable":true,"href":"https:\/\/fundaciotallers.org\/es\/wp-json\/wp\/v2\/tags?post=1712"}],"curies":[{"name":"wp","href":"https:\/\/api.w.org\/{rel}","templated":true}]}}