{"id":1674,"date":"2019-07-09T06:43:09","date_gmt":"2019-07-09T06:43:09","guid":{"rendered":"https:\/\/fundaciotallers.org\/?p=1674"},"modified":"2019-07-09T06:45:56","modified_gmt":"2019-07-09T06:45:56","slug":"la-risa-es-terapeutica","status":"publish","type":"post","link":"https:\/\/fundaciotallers.org\/es\/2019\/07\/09\/la-risa-es-terapeutica\/","title":{"rendered":"La risa es terap\u00e9utica!"},"content":{"rendered":"<p>Reir siempre es un buen ejercicio y si adem\u00e1s lo hacemos en manos de una profesional, se aprovechan mucho m\u00e1s las propiedades terap\u00e9uticas. Y es que en las Jornadas dedicadas a las Familias que se celebran en la Fundaci\u00f3, sali\u00f3 a la luz la necesidad de realizar este tipo de sesiones.<br \/>\nNos pusimos manos a la obra y gracias a Silvia, una tallerista voluntaria, se realiz\u00f3 esta sesi\u00f3n de risoterapia.<\/p>\n<p>Las familias participantes quedaron encantadas ya que a trav\u00e9s de la risa podemos mejorar el estado f\u00edsico y psicol\u00f3gico y canalizar el estr\u00e9s &#8230; la risa genera un enorme bienestar y prueba de ello es la foto que se hicieron las participantes!<\/p>\n<p>Larga vida a la risa!<\/p>\n","protected":false},"excerpt":{"rendered":"<p>Reir siempre es un buen ejercicio y si adem\u00e1s lo hacemos en manos de una profesional, se aprovechan mucho m\u00e1s las propiedades terap\u00e9uticas. Y es que en las Jornadas dedicadas a las Familias que se celebran en la Fundaci\u00f3, sali\u00f3 a la luz la necesidad de realizar este tipo de sesiones. Nos pusimos manos a la obra y gracias a&hellip;<\/p>\n","protected":false},"author":2,"featured_media":1671,"comment_status":"open","ping_status":"open","sticky":false,"template":"","format":"standard","meta":{"footnotes":""},"categories":[49,58,61,68,69,73],"tags":[],"class_list":["post-1674","post","type-post","status-publish","format-standard","has-post-thumbnail","hentry","category-con-y-por-las-personas","category-discapacidad","category-fundacio-tallers-es","category-personas","category-santa-coloma-de-gramanet","category-voluntariat-es"],"_links":{"self":[{"href":"https:\/\/fundaciotallers.org\/es\/wp-json\/wp\/v2\/posts\/1674","targetHints":{"allow":["GET"]}}],"collection":[{"href":"https:\/\/fundaciotallers.org\/es\/wp-json\/wp\/v2\/posts"}],"about":[{"href":"https:\/\/fundaciotallers.org\/es\/wp-json\/wp\/v2\/types\/post"}],"author":[{"embeddable":true,"href":"https:\/\/fundaciotallers.org\/es\/wp-json\/wp\/v2\/users\/2"}],"replies":[{"embeddable":true,"href":"https:\/\/fundaciotallers.org\/es\/wp-json\/wp\/v2\/comments?post=1674"}],"version-history":[{"count":1,"href":"https:\/\/fundaciotallers.org\/es\/wp-json\/wp\/v2\/posts\/1674\/revisions"}],"predecessor-version":[{"id":1675,"href":"https:\/\/fundaciotallers.org\/es\/wp-json\/wp\/v2\/posts\/1674\/revisions\/1675"}],"wp:featuredmedia":[{"embeddable":true,"href":"https:\/\/fundaciotallers.org\/es\/wp-json\/wp\/v2\/media\/1671"}],"wp:attachment":[{"href":"https:\/\/fundaciotallers.org\/es\/wp-json\/wp\/v2\/media?parent=1674"}],"wp:term":[{"taxonomy":"category","embeddable":true,"href":"https:\/\/fundaciotallers.org\/es\/wp-json\/wp\/v2\/categories?post=1674"},{"taxonomy":"post_tag","embeddable":true,"href":"https:\/\/fundaciotallers.org\/es\/wp-json\/wp\/v2\/tags?post=1674"}],"curies":[{"name":"wp","href":"https:\/\/api.w.org\/{rel}","templated":true}]}}