{"id":1653,"date":"2019-07-08T06:53:50","date_gmt":"2019-07-08T06:53:50","guid":{"rendered":"https:\/\/fundaciotallers.org\/?p=1653"},"modified":"2019-07-08T08:38:49","modified_gmt":"2019-07-08T08:38:49","slug":"fiesta-del-voluntariado-2019","status":"publish","type":"post","link":"https:\/\/fundaciotallers.org\/es\/2019\/07\/08\/fiesta-del-voluntariado-2019\/","title":{"rendered":"Fiesta del Voluntariado 2019"},"content":{"rendered":"<p>La <strong>alegr\u00eda<\/strong> es la emoci\u00f3n que se respiraba en el ambiente del s\u00e1bado 29 de junio en la Fiesta del Voluntariado de la Fundaci\u00f3 Tallers.<br \/>\nEl espacio interior y exterior del Auditori Can Roig i Torres de Santa Coloma se llen\u00f3 de <strong>solidaridad<\/strong>, actividades y mucha mucha ilusi\u00f3n para agradecer a las voluntarias y voluntarios su labor realizada durante el a\u00f1o.<\/p>\n<p>Una exposici\u00f3n fotogr\u00e1fica mostraba algunas de las actividades que se realizan en el proyecto de ocio inclusivo de la Fundaci\u00f3, mientras que en los jardines del recinto se hac\u00edan talleres de cocina, manualidades, risoterapia y zumba. Toda una inyecci\u00f3n de <strong>energ\u00eda<\/strong>!<\/p>\n<p>Mientras tanto, en la zona chill out, en Romain y la Seri, nuestros voluntarios europeos del proyecto Solidarity Corps, explicaban a todo el que se acercaba las virtudes y beneficios que aportan a la persona el hecho de sumarse al voluntariado.<\/p>\n<p>Pero la fiesta no terminaba ah\u00ed.<\/p>\n<p>En el interior, cog\u00eda la palabra <strong>Roque Pascual<\/strong>, Presidente del Patronato de la Fundaci\u00f3 Tallers, que daba la bienvenida a los asistentes y se iniciaba la actuaci\u00f3n de la coral <strong>Grans Veus<\/strong> para seguir con las apariciones sobre el escenario las personas usuarias y voluntarias que realizan las actividades de basquet, cocina, yogadanza o que se van de fin de semana.<br \/>\nUsuarios y voluntarios nos explicaban en qu\u00e9 consiste la actividad y que les aporta.<\/p>\n<p>Y llegaba el momento m\u00e1s emotivo, el momento en el que los voluntarios y voluntarias suben al escenario para recoger de manos de quienes los han acompa\u00f1ado todos estos meses. Un obsequio de una flor a cada persona como s\u00edmbolo de agradecimiento y reconocimiento y la m\u00e1s que obligada foto de familia de voluntarios, usuarios y profesionales del servicio de ocio.<br \/>\n<strong>Ricard Matas<\/strong>, gerente de la Fundaci\u00f3, sub\u00eda al escenario micro en mano para remarcar la importancia del ocio en las personas, reivindicar m\u00e1s ayudas econ\u00f3micas para un proyecto como este y dar las gracias a instituciones y empresas que han apoyado a la iniciativa.<br \/>\nLa alcaldesa de Santa Coloma, <strong>N\u00faria Parlon<\/strong> tampoco se quiso perder la fiesta y dirigi\u00f3 unas palabras sobre la importancia del uso de los equipamientos de la ciudad para el ocio de todos los ciudadanos y ciudadanas.<br \/>\nY una vez hechos los parlamentos, el sol ya ca\u00eda en el exterior donde hab\u00eda m\u00fasica, bebidas y gastronom\u00eda solidaria.<\/p>\n<p>La <strong>Fundaci\u00f3n Ared<\/strong> junto con <strong>Salta<\/strong>, Empresa de inserci\u00f3n tuvieron la generosidad de elaborar unas mini hamburguesas solidarias, y varios restauradores de la ciudad tambi\u00e9n se sumaron a la iniciativa: por ejemplo, <strong>La Taula Vella<\/strong> ofrec\u00eda una tapa de lac\u00f3n con queso , <strong>Milano<\/strong> una fideu\u00e1, Sushi a cargo de <strong>Nara<\/strong> Restaurante y <strong>Gourmet Sant Ramon<\/strong> aport\u00f3 todo un jam\u00f3n cortado in-situ.<\/p>\n<p>Y no pod\u00edamos terminar sin un especial reconocimiento al equipo de profesionales de la Fundaci\u00f3 Tallers que han impulsado el proyecto y que lo hacen posible d\u00eda a d\u00eda. Gracias al equipo de Ocio por su empuje, ilusi\u00f3n y energ\u00eda, y muchas gracias al equipo de la Fundaci\u00f3 Tallers que las apoy\u00e1is en el proyecto y que tambi\u00e9n hicisteis realidad esta gran celebraci\u00f3n!<\/p>\n<p>La m\u00fasica, el buen humor, la solidaridad y sobre todo mucha mucha alegr\u00eda e ilusi\u00f3n fueron los ingredientes principales de esta jornada que se puede ver en una recopilaci\u00f3n fotogr\u00e1fica aqu\u00ed:<\/p>\n<p><a href=\"https:\/\/www.youtube.com\/watch?v=HGJCBvHSbi0&amp;feature=youtu.be\"><img fetchpriority=\"high\" decoding=\"async\" class=\"aligncenter size-full wp-image-1656\" src=\"https:\/\/fundaciotallers.org\/wp-content\/uploads\/2019\/08\/imatge_generica_projeccio_post.jpg\" alt=\"\" width=\"3999\" height=\"2250\" srcset=\"https:\/\/fundaciotallers.org\/wp-content\/uploads\/2019\/08\/imatge_generica_projeccio_post.jpg 3999w, https:\/\/fundaciotallers.org\/wp-content\/uploads\/2019\/08\/imatge_generica_projeccio_post-300x169.jpg 300w, https:\/\/fundaciotallers.org\/wp-content\/uploads\/2019\/08\/imatge_generica_projeccio_post-768x432.jpg 768w, https:\/\/fundaciotallers.org\/wp-content\/uploads\/2019\/08\/imatge_generica_projeccio_post-1024x576.jpg 1024w\" sizes=\"(max-width: 3999px) 100vw, 3999px\" \/><\/a><\/p>\n","protected":false},"excerpt":{"rendered":"<p>La alegr\u00eda es la emoci\u00f3n que se respiraba en el ambiente del s\u00e1bado 29 de junio en la Fiesta del Voluntariado de la Fundaci\u00f3 Tallers. El espacio interior y exterior del Auditori Can Roig i Torres de Santa Coloma se llen\u00f3 de solidaridad, actividades y mucha mucha ilusi\u00f3n para agradecer a las voluntarias y voluntarios su labor realizada durante el&hellip;<\/p>\n","protected":false},"author":2,"featured_media":1651,"comment_status":"open","ping_status":"open","sticky":false,"template":"","format":"standard","meta":{"footnotes":""},"categories":[55,57,49,61,68,69,72,73],"tags":[],"class_list":["post-1653","post","type-post","status-publish","format-standard","has-post-thumbnail","hentry","category-centro-ocupacional","category-comunidad","category-con-y-por-las-personas","category-fundacio-tallers-es","category-personas","category-santa-coloma-de-gramanet","category-valor-social-es","category-voluntariat-es"],"_links":{"self":[{"href":"https:\/\/fundaciotallers.org\/es\/wp-json\/wp\/v2\/posts\/1653","targetHints":{"allow":["GET"]}}],"collection":[{"href":"https:\/\/fundaciotallers.org\/es\/wp-json\/wp\/v2\/posts"}],"about":[{"href":"https:\/\/fundaciotallers.org\/es\/wp-json\/wp\/v2\/types\/post"}],"author":[{"embeddable":true,"href":"https:\/\/fundaciotallers.org\/es\/wp-json\/wp\/v2\/users\/2"}],"replies":[{"embeddable":true,"href":"https:\/\/fundaciotallers.org\/es\/wp-json\/wp\/v2\/comments?post=1653"}],"version-history":[{"count":4,"href":"https:\/\/fundaciotallers.org\/es\/wp-json\/wp\/v2\/posts\/1653\/revisions"}],"predecessor-version":[{"id":1667,"href":"https:\/\/fundaciotallers.org\/es\/wp-json\/wp\/v2\/posts\/1653\/revisions\/1667"}],"wp:featuredmedia":[{"embeddable":true,"href":"https:\/\/fundaciotallers.org\/es\/wp-json\/wp\/v2\/media\/1651"}],"wp:attachment":[{"href":"https:\/\/fundaciotallers.org\/es\/wp-json\/wp\/v2\/media?parent=1653"}],"wp:term":[{"taxonomy":"category","embeddable":true,"href":"https:\/\/fundaciotallers.org\/es\/wp-json\/wp\/v2\/categories?post=1653"},{"taxonomy":"post_tag","embeddable":true,"href":"https:\/\/fundaciotallers.org\/es\/wp-json\/wp\/v2\/tags?post=1653"}],"curies":[{"name":"wp","href":"https:\/\/api.w.org\/{rel}","templated":true}]}}