{"id":1641,"date":"2019-07-02T11:21:26","date_gmt":"2019-07-02T11:21:26","guid":{"rendered":"https:\/\/fundaciotallers.org\/?p=1641"},"modified":"2019-07-02T13:19:12","modified_gmt":"2019-07-02T13:19:12","slug":"singulars-activat-al-mon-digital","status":"publish","type":"post","link":"https:\/\/fundaciotallers.org\/es\/2019\/07\/02\/singulars-activat-al-mon-digital\/","title":{"rendered":"Singulars: Activa&#8217;t al m\u00f3n digital"},"content":{"rendered":"<p>Desarrollar una tarea laboral a la vez que adquieren conocimientos espec\u00edficos es el alma del programa <em> <strong> Singulars: Act\u00edva\u2019t al m\u00f3n digital <\/ \u200b\u200bstrong> <\/ em>.<br \/>\nUna <strong> formaci\u00f3n dual <\/ strong> en Gesti\u00f3n Documental donde adem\u00e1s de trabajar y aprender, tambi\u00e9n se hace acci\u00f3n participativa y contributiva de fortalecimiento social. Chicas y chicos de entre 18 y 29 a\u00f1os son los protagonistas de esta iniciativa. El programa cuenta con la financiaci\u00f3n del Servei d\u2019Ocupaci\u00f3 de Catalunya, el Servicio P\u00fablico de Empleo Estatal y el Fondo Social Europeo.<\/p>\n<p>La misi\u00f3n de desarrollar tareas de <strong> participaci\u00f3n en la ciudad <\/ strong> es uno de los ejes destacados del programa donde la difusi\u00f3n de la actividad diaria a trav\u00e9s de <strong> charlas, entrevistas y conversaciones <\/ strong> tiene un papel relevante.<br \/>\nDurante estos meses se han realizado una serie de acciones. Las repasamos:<br \/>\n<Ul><br \/>\n\u00a0<Li> Desplazamiento hasta la sede de la Fundaci\u00f3n Friends o la Fundaci\u00f3n Joya para explicar en detalle en qu\u00e9 consiste <I> Singulars: Act\u00edva\u2019t al m\u00f3n digital <\/ em>. <\/ Li><br \/>\n\u00a0<Li> Visita al Sal\u00f3 de l\u2019Ocupaci\u00f3 i la Discapacitat, presenciando varias charlas sobre la b\u00fasqueda de trabajo a la vez que se intercambiaban puntos de vista con varias empresas. <\/ Li><br \/>\n\u00a0<Li> Sant Jordi: Aparte de la tradicional venta de rosas, un grupo de integrantes de Singulars aprovech\u00f3 para explicar los diferentes proyectos que desarrolla la Fundaci\u00f3 Tallers. A la vez, un segundo grupo organiz\u00f3 un taller para alumnos de educaci\u00f3n infantil y primaria de la escuela Montserrat de Premi\u00e0 de Mar. Una experiencia de risas, juegos y buen humor! <\/ Li><br \/>\n\u00a0<Li> Participaci\u00f3n en unos desayunos-charlas de la asociaci\u00f3n ActivaMent Catalunya, un encuentro con periodistas para hablar sobre el lenguaje y el tratamiento diferenciado y discriminatorio de los medios de comunicaci\u00f3n hacia las personas que sufren alg\u00fan tipo de trastorno de salud mental. <\/ Li ><br \/>\n<\/ Ul><br \/>\nToda esta actividad s\u00f3lo es una muestra de la gran empuje, energ\u00eda y constancia de quien forma parte de <I> Singulars: Act\u00edva\u2019t al m\u00f3n digital! <\/ Em><br \/>\n&nbsp;<\/p>\n<p><img fetchpriority=\"high\" decoding=\"async\" class=\"alignright size-full wp-image-1634\" src=\"https:\/\/fundaciotallers.org\/wp-content\/uploads\/2019\/07\/logos_01.jpg\" alt=\"\" width=\"1024\" height=\"100\" srcset=\"https:\/\/fundaciotallers.org\/wp-content\/uploads\/2019\/07\/logos_01.jpg 1024w, https:\/\/fundaciotallers.org\/wp-content\/uploads\/2019\/07\/logos_01-300x29.jpg 300w, https:\/\/fundaciotallers.org\/wp-content\/uploads\/2019\/07\/logos_01-768x75.jpg 768w\" sizes=\"(max-width: 1024px) 100vw, 1024px\" \/><\/p>\n","protected":false},"excerpt":{"rendered":"<p>Desarrollar una tarea laboral a la vez que adquieren conocimientos espec\u00edficos es el alma del programa Singulars: Act\u00edva\u2019t al m\u00f3n digital . Una formaci\u00f3n dual en Gesti\u00f3n Documental donde adem\u00e1s de trabajar y aprender, tambi\u00e9n se hace acci\u00f3n participativa y contributiva de fortalecimiento social. Chicas y chicos de entre 18 y 29 a\u00f1os son los protagonistas de esta iniciativa. El&hellip;<\/p>\n","protected":false},"author":2,"featured_media":1632,"comment_status":"open","ping_status":"open","sticky":false,"template":"","format":"standard","meta":{"footnotes":""},"categories":[54,57,49,60,61,74],"tags":[],"class_list":["post-1641","post","type-post","status-publish","format-standard","has-post-thumbnail","hentry","category-centro-especial-de-trabajo","category-comunidad","category-con-y-por-las-personas","category-empresas-con-vision-social","category-fundacio-tallers-es","category-gestion-documental"],"_links":{"self":[{"href":"https:\/\/fundaciotallers.org\/es\/wp-json\/wp\/v2\/posts\/1641","targetHints":{"allow":["GET"]}}],"collection":[{"href":"https:\/\/fundaciotallers.org\/es\/wp-json\/wp\/v2\/posts"}],"about":[{"href":"https:\/\/fundaciotallers.org\/es\/wp-json\/wp\/v2\/types\/post"}],"author":[{"embeddable":true,"href":"https:\/\/fundaciotallers.org\/es\/wp-json\/wp\/v2\/users\/2"}],"replies":[{"embeddable":true,"href":"https:\/\/fundaciotallers.org\/es\/wp-json\/wp\/v2\/comments?post=1641"}],"version-history":[{"count":2,"href":"https:\/\/fundaciotallers.org\/es\/wp-json\/wp\/v2\/posts\/1641\/revisions"}],"predecessor-version":[{"id":1643,"href":"https:\/\/fundaciotallers.org\/es\/wp-json\/wp\/v2\/posts\/1641\/revisions\/1643"}],"wp:featuredmedia":[{"embeddable":true,"href":"https:\/\/fundaciotallers.org\/es\/wp-json\/wp\/v2\/media\/1632"}],"wp:attachment":[{"href":"https:\/\/fundaciotallers.org\/es\/wp-json\/wp\/v2\/media?parent=1641"}],"wp:term":[{"taxonomy":"category","embeddable":true,"href":"https:\/\/fundaciotallers.org\/es\/wp-json\/wp\/v2\/categories?post=1641"},{"taxonomy":"post_tag","embeddable":true,"href":"https:\/\/fundaciotallers.org\/es\/wp-json\/wp\/v2\/tags?post=1641"}],"curies":[{"name":"wp","href":"https:\/\/api.w.org\/{rel}","templated":true}]}}