{"id":1621,"date":"2019-06-28T13:00:42","date_gmt":"2019-06-28T13:00:42","guid":{"rendered":"https:\/\/fundaciotallers.org\/?p=1621"},"modified":"2019-07-01T06:23:08","modified_gmt":"2019-07-01T06:23:08","slug":"festival-solidario-en-badia-del-valles","status":"publish","type":"post","link":"https:\/\/fundaciotallers.org\/es\/2019\/06\/28\/festival-solidario-en-badia-del-valles\/","title":{"rendered":"Festival Solidario en Badia del Vall\u00e8s"},"content":{"rendered":"<p>Paella, barbacoa, baile, f\u00fatbol, \u200b\u200bmentalismo y actuaciones musicales. Son los ingredientes b\u00e1sicos de las fiestas populares. Las que se organizan con todo el empuje y las ganas de pasarlo bien, las que todo el mundo es bienvenido y todo el mundo suma, las que sabes cuando empiezan pero nunca cuando terminan, las que prometen buenos momentos y diversi\u00f3n asegurada.<\/p>\n<p>El 6 de abril pasaban por el escenario del Centro Antonio Machado de Bad\u00eda del Vall\u00e9s una serie de artistas que ofrec\u00edan su arte y saber. En el exterior, en los campos anexos al Centro, se celebraba un torneo de f\u00fatbol entre institutos. Toda la carne en el asador para que la asistencia de p\u00fablico fuera alta y el dinero recogido fueran directos a la Fundaci\u00f3 Tallers.<\/p>\n<p>Los beneficios de este festival, que ascienden a 1.200 \u20ac, ir\u00e1n destinados a la creaci\u00f3n de un aula de estimulaci\u00f3n sensorial en nuestro centro de Bad\u00eda del Vall\u00e8s.<\/p>\n<p>Pronto os podremos ense\u00f1ar de que se trata y para que sirve esta aula. De momento, as\u00ed de sonrientes, agradecidas y agradecidos recibimos este dinero de manos del AIGMB.<\/p>\n<p>Fotograf\u00eda de Marc Alonso<\/p>\n","protected":false},"excerpt":{"rendered":"<p>Paella, barbacoa, baile, f\u00fatbol, \u200b\u200bmentalismo y actuaciones musicales. Son los ingredientes b\u00e1sicos de las fiestas populares. Las que se organizan con todo el empuje y las ganas de pasarlo bien, las que todo el mundo es bienvenido y todo el mundo suma, las que sabes cuando empiezan pero nunca cuando terminan, las que prometen buenos momentos y diversi\u00f3n asegurada. El&hellip;<\/p>\n","protected":false},"author":2,"featured_media":1606,"comment_status":"open","ping_status":"open","sticky":false,"template":"","format":"standard","meta":{"footnotes":""},"categories":[53,55,49,58,61,68,72],"tags":[],"class_list":["post-1621","post","type-post","status-publish","format-standard","has-post-thumbnail","hentry","category-badia-del-valles-es","category-centro-ocupacional","category-con-y-por-las-personas","category-discapacidad","category-fundacio-tallers-es","category-personas","category-valor-social-es"],"_links":{"self":[{"href":"https:\/\/fundaciotallers.org\/es\/wp-json\/wp\/v2\/posts\/1621","targetHints":{"allow":["GET"]}}],"collection":[{"href":"https:\/\/fundaciotallers.org\/es\/wp-json\/wp\/v2\/posts"}],"about":[{"href":"https:\/\/fundaciotallers.org\/es\/wp-json\/wp\/v2\/types\/post"}],"author":[{"embeddable":true,"href":"https:\/\/fundaciotallers.org\/es\/wp-json\/wp\/v2\/users\/2"}],"replies":[{"embeddable":true,"href":"https:\/\/fundaciotallers.org\/es\/wp-json\/wp\/v2\/comments?post=1621"}],"version-history":[{"count":1,"href":"https:\/\/fundaciotallers.org\/es\/wp-json\/wp\/v2\/posts\/1621\/revisions"}],"predecessor-version":[{"id":1622,"href":"https:\/\/fundaciotallers.org\/es\/wp-json\/wp\/v2\/posts\/1621\/revisions\/1622"}],"wp:featuredmedia":[{"embeddable":true,"href":"https:\/\/fundaciotallers.org\/es\/wp-json\/wp\/v2\/media\/1606"}],"wp:attachment":[{"href":"https:\/\/fundaciotallers.org\/es\/wp-json\/wp\/v2\/media?parent=1621"}],"wp:term":[{"taxonomy":"category","embeddable":true,"href":"https:\/\/fundaciotallers.org\/es\/wp-json\/wp\/v2\/categories?post=1621"},{"taxonomy":"post_tag","embeddable":true,"href":"https:\/\/fundaciotallers.org\/es\/wp-json\/wp\/v2\/tags?post=1621"}],"curies":[{"name":"wp","href":"https:\/\/api.w.org\/{rel}","templated":true}]}}