{"id":1517,"date":"2019-03-26T06:57:40","date_gmt":"2019-03-26T06:57:40","guid":{"rendered":"https:\/\/fundaciotallers.org\/2019\/03\/26\/primera_edicio_speed_dating\/"},"modified":"2019-03-30T19:26:58","modified_gmt":"2019-03-30T19:26:58","slug":"primera_edicion_speed_dating","status":"publish","type":"post","link":"https:\/\/fundaciotallers.org\/es\/2019\/03\/26\/primera_edicion_speed_dating\/","title":{"rendered":"Primera edici\u00f3n de Speed Dating Laboral"},"content":{"rendered":"<p>El <strong>Programa Incorpora de La Caixa<\/strong> trabaja para la intermediaci\u00f3n laboral y vela por garantizar la inserci\u00f3n laboral de personas en riesgo de exclusi\u00f3n social.<\/p>\n<p>El pasado mi\u00e9rcoles, 20 de marzo, en la CECOT de Terrassa, durante toda la ma\u00f1ana se celebr\u00f3 la primera edici\u00f3n de Speed \u200b\u200bDating Laboral en el Vall\u00e8s Occidental, con m\u00e1s de <strong>500 entrevistas a personas en situaci\u00f3n de vulnerabilidad<\/strong> para cubrir una treintena de ofertas de trabajo de <strong>12 empresas del territorio<\/strong>, como Carrefour\/Carrefour Market, Catalonia Fundaci\u00f3n Creativa, Campos Estela \/ Vall\u00e8s Servicios, F. Privada el Hogar, Boxes espresa, Ben Net, Caprabo, Limpiezas Todo Limpio, Ndavant Multiservicios, Grupo Canto, Milmenos y Falck VL.<\/p>\n<p>En esta primera fase de preselecci\u00f3n, <strong>20 personas<\/strong> atendidas dentro del programa SIOA del Departament de Treball, Assumptes Socials i Fam\u00edlies de la Generalitat de Catalunya gestionado por Fundaci\u00f3 Tallers, han desarrollado una entrevista r\u00e1pida de 3-5 minutos con especialistas en RRHH donde han tenido la oportunidad de transmitir sus aptitudes y defender su candidatura.<\/p>\n<p>Iniciativas que focalizan su actividad directamente sobre nuestro territorio, tienen un impacto positivo sobre las personas con las que trabajamos.<\/p>\n<p>Acto organizado por.<\/p>\n<p><img decoding=\"async\" class=\"alignnone wp-image-1529\" src=\"https:\/\/fundaciotallers.org\/wp-content\/uploads\/2019\/03\/Incorpora-2018-300x77.png\" alt=\"\" width=\"211\" height=\"54\" srcset=\"https:\/\/fundaciotallers.org\/wp-content\/uploads\/2019\/03\/Incorpora-2018-300x77.png 300w, https:\/\/fundaciotallers.org\/wp-content\/uploads\/2019\/03\/Incorpora-2018.png 508w\" sizes=\"(max-width: 211px) 100vw, 211px\" \/><\/p>\n<p>Con la colaboraci\u00f3n de:<\/p>\n<p><img decoding=\"async\" class=\"alignnone wp-image-1532\" src=\"https:\/\/fundaciotallers.org\/wp-content\/uploads\/2019\/03\/Ecom.JPG-300x129.jpg\" alt=\"\" width=\"95\" height=\"41\" srcset=\"https:\/\/fundaciotallers.org\/wp-content\/uploads\/2019\/03\/Ecom.JPG-300x129.jpg 300w, https:\/\/fundaciotallers.org\/wp-content\/uploads\/2019\/03\/Ecom.JPG-768x331.jpg 768w, https:\/\/fundaciotallers.org\/wp-content\/uploads\/2019\/03\/Ecom.JPG-1024x442.jpg 1024w, https:\/\/fundaciotallers.org\/wp-content\/uploads\/2019\/03\/Ecom.JPG.jpg 1484w\" sizes=\"(max-width: 95px) 100vw, 95px\" \/><img decoding=\"async\" class=\"alignnone wp-image-1535\" src=\"https:\/\/fundaciotallers.org\/wp-content\/uploads\/2019\/03\/logo-fas1-300x89.png\" alt=\"\" width=\"128\" height=\"38\" srcset=\"https:\/\/fundaciotallers.org\/wp-content\/uploads\/2019\/03\/logo-fas1-300x89.png 300w, https:\/\/fundaciotallers.org\/wp-content\/uploads\/2019\/03\/logo-fas1.png 412w\" sizes=\"(max-width: 128px) 100vw, 128px\" \/><img loading=\"lazy\" decoding=\"async\" class=\"alignnone size-medium wp-image-175\" src=\"https:\/\/fundaciotallers.org\/wp-content\/uploads\/2018\/03\/logo-Fundacio\u0301-tallers.png\" alt=\"\" width=\"1\" height=\"1\" \/><img loading=\"lazy\" decoding=\"async\" class=\"alignnone wp-image-1538 \" src=\"https:\/\/fundaciotallers.org\/wp-content\/uploads\/2019\/03\/AF-Restyling-Marca-Fundaci\u00f3-Tallers-e1553973355409-300x146.png\" alt=\"\" width=\"96\" height=\"47\" srcset=\"https:\/\/fundaciotallers.org\/wp-content\/uploads\/2019\/03\/AF-Restyling-Marca-Fundaci\u00f3-Tallers-e1553973355409-300x146.png 300w, https:\/\/fundaciotallers.org\/wp-content\/uploads\/2019\/03\/AF-Restyling-Marca-Fundaci\u00f3-Tallers-e1553973355409.png 534w\" sizes=\"(max-width: 96px) 100vw, 96px\" \/><img loading=\"lazy\" decoding=\"async\" class=\"alignnone wp-image-1541\" src=\"https:\/\/fundaciotallers.org\/wp-content\/uploads\/2019\/03\/logo-terrassa-300x108.png\" alt=\"\" width=\"101\" height=\"36\" srcset=\"https:\/\/fundaciotallers.org\/wp-content\/uploads\/2019\/03\/logo-terrassa-300x108.png 300w, https:\/\/fundaciotallers.org\/wp-content\/uploads\/2019\/03\/logo-terrassa.png 714w\" sizes=\"(max-width: 101px) 100vw, 101px\" \/><img loading=\"lazy\" decoding=\"async\" class=\"alignnone wp-image-1544\" src=\"https:\/\/fundaciotallers.org\/wp-content\/uploads\/2019\/03\/1210_640_480-300x120.jpg\" alt=\"\" width=\"90\" height=\"36\" srcset=\"https:\/\/fundaciotallers.org\/wp-content\/uploads\/2019\/03\/1210_640_480-300x120.jpg 300w, https:\/\/fundaciotallers.org\/wp-content\/uploads\/2019\/03\/1210_640_480.jpg 640w\" sizes=\"(max-width: 90px) 100vw, 90px\" \/><img loading=\"lazy\" decoding=\"async\" class=\"alignnone wp-image-1547\" src=\"https:\/\/fundaciotallers.org\/wp-content\/uploads\/2019\/03\/unnamed-300x120.png\" alt=\"\" width=\"98\" height=\"39\" srcset=\"https:\/\/fundaciotallers.org\/wp-content\/uploads\/2019\/03\/unnamed-300x120.png 300w, https:\/\/fundaciotallers.org\/wp-content\/uploads\/2019\/03\/unnamed-768x307.png 768w, https:\/\/fundaciotallers.org\/wp-content\/uploads\/2019\/03\/unnamed.png 1000w\" sizes=\"(max-width: 98px) 100vw, 98px\" \/><img loading=\"lazy\" decoding=\"async\" class=\"alignnone wp-image-1550\" src=\"https:\/\/fundaciotallers.org\/wp-content\/uploads\/2019\/03\/CARITAS-300x275.jpg\" alt=\"\" width=\"68\" height=\"62\" srcset=\"https:\/\/fundaciotallers.org\/wp-content\/uploads\/2019\/03\/CARITAS-300x275.jpg 300w, https:\/\/fundaciotallers.org\/wp-content\/uploads\/2019\/03\/CARITAS-768x704.jpg 768w, https:\/\/fundaciotallers.org\/wp-content\/uploads\/2019\/03\/CARITAS-1024x939.jpg 1024w\" sizes=\"(max-width: 68px) 100vw, 68px\" \/><img loading=\"lazy\" decoding=\"async\" class=\"alignnone wp-image-1553\" src=\"https:\/\/fundaciotallers.org\/wp-content\/uploads\/2019\/03\/imagen-1390938515-1223.jpg\" alt=\"\" width=\"50\" height=\"67\" \/><\/p>\n<p>Con el soporte de:<\/p>\n<p><img loading=\"lazy\" decoding=\"async\" class=\"alignnone wp-image-1556\" src=\"https:\/\/fundaciotallers.org\/wp-content\/uploads\/2019\/03\/agraiment_benestar_2016_llarg-300x43.jpg\" alt=\"\" width=\"202\" height=\"29\" srcset=\"https:\/\/fundaciotallers.org\/wp-content\/uploads\/2019\/03\/agraiment_benestar_2016_llarg-300x43.jpg 300w, https:\/\/fundaciotallers.org\/wp-content\/uploads\/2019\/03\/agraiment_benestar_2016_llarg-768x111.jpg 768w, https:\/\/fundaciotallers.org\/wp-content\/uploads\/2019\/03\/agraiment_benestar_2016_llarg-1024x147.jpg 1024w, https:\/\/fundaciotallers.org\/wp-content\/uploads\/2019\/03\/agraiment_benestar_2016_llarg.jpg 1500w\" sizes=\"(max-width: 202px) 100vw, 202px\" \/>\u00a0 \u00a0 \u00a0 \u00a0\u00a0<img loading=\"lazy\" decoding=\"async\" class=\"alignnone wp-image-1559\" src=\"https:\/\/fundaciotallers.org\/wp-content\/uploads\/2019\/03\/FSE_60_anys_2017-300x122.jpg\" alt=\"\" width=\"130\" height=\"53\" srcset=\"https:\/\/fundaciotallers.org\/wp-content\/uploads\/2019\/03\/FSE_60_anys_2017-300x122.jpg 300w, https:\/\/fundaciotallers.org\/wp-content\/uploads\/2019\/03\/FSE_60_anys_2017-768x311.jpg 768w, https:\/\/fundaciotallers.org\/wp-content\/uploads\/2019\/03\/FSE_60_anys_2017-1024x415.jpg 1024w, https:\/\/fundaciotallers.org\/wp-content\/uploads\/2019\/03\/FSE_60_anys_2017.jpg 1255w\" sizes=\"(max-width: 130px) 100vw, 130px\" \/><\/p>\n","protected":false},"excerpt":{"rendered":"<p>El Programa Incorpora de La Caixa trabaja para la intermediaci\u00f3n laboral y vela por garantizar la inserci\u00f3n laboral de personas en riesgo de exclusi\u00f3n social. El pasado mi\u00e9rcoles, 20 de marzo, en la CECOT de Terrassa, durante toda la ma\u00f1ana se celebr\u00f3 la primera edici\u00f3n de Speed \u200b\u200bDating Laboral en el Vall\u00e8s Occidental, con m\u00e1s de 500 entrevistas a personas&hellip;<\/p>\n","protected":false},"author":2,"featured_media":1515,"comment_status":"open","ping_status":"open","sticky":false,"template":"","format":"standard","meta":{"footnotes":""},"categories":[53,57,49,58,60,61,63,75,68,69],"tags":[],"class_list":["post-1517","post","type-post","status-publish","format-standard","has-post-thumbnail","hentry","category-badia-del-valles-es","category-comunidad","category-con-y-por-las-personas","category-discapacidad","category-empresas-con-vision-social","category-fundacio-tallers-es","category-insercion-laboral","category-insercion-sociolaboral","category-personas","category-santa-coloma-de-gramanet"],"_links":{"self":[{"href":"https:\/\/fundaciotallers.org\/es\/wp-json\/wp\/v2\/posts\/1517","targetHints":{"allow":["GET"]}}],"collection":[{"href":"https:\/\/fundaciotallers.org\/es\/wp-json\/wp\/v2\/posts"}],"about":[{"href":"https:\/\/fundaciotallers.org\/es\/wp-json\/wp\/v2\/types\/post"}],"author":[{"embeddable":true,"href":"https:\/\/fundaciotallers.org\/es\/wp-json\/wp\/v2\/users\/2"}],"replies":[{"embeddable":true,"href":"https:\/\/fundaciotallers.org\/es\/wp-json\/wp\/v2\/comments?post=1517"}],"version-history":[{"count":3,"href":"https:\/\/fundaciotallers.org\/es\/wp-json\/wp\/v2\/posts\/1517\/revisions"}],"predecessor-version":[{"id":1563,"href":"https:\/\/fundaciotallers.org\/es\/wp-json\/wp\/v2\/posts\/1517\/revisions\/1563"}],"wp:featuredmedia":[{"embeddable":true,"href":"https:\/\/fundaciotallers.org\/es\/wp-json\/wp\/v2\/media\/1515"}],"wp:attachment":[{"href":"https:\/\/fundaciotallers.org\/es\/wp-json\/wp\/v2\/media?parent=1517"}],"wp:term":[{"taxonomy":"category","embeddable":true,"href":"https:\/\/fundaciotallers.org\/es\/wp-json\/wp\/v2\/categories?post=1517"},{"taxonomy":"post_tag","embeddable":true,"href":"https:\/\/fundaciotallers.org\/es\/wp-json\/wp\/v2\/tags?post=1517"}],"curies":[{"name":"wp","href":"https:\/\/api.w.org\/{rel}","templated":true}]}}