{"id":1503,"date":"2019-03-12T09:39:13","date_gmt":"2019-03-12T09:39:13","guid":{"rendered":"https:\/\/fundaciotallers.org\/2019\/03\/12\/un-pas-mes-enlla-teixint-vincles\/"},"modified":"2019-03-13T08:54:44","modified_gmt":"2019-03-13T08:54:44","slug":"un-paso-mas-alla","status":"publish","type":"post","link":"https:\/\/fundaciotallers.org\/es\/2019\/03\/12\/un-paso-mas-alla\/","title":{"rendered":"Un paso m\u00e1s all\u00e1: tejiendo v\u00ednculos"},"content":{"rendered":"<p id=\"tw-target-text\" class=\"tw-data-text tw-ta tw-text-small\" dir=\"ltr\" data-placeholder=\"Traducci\u00f3\"><span lang=\"es\" tabindex=\"0\">Una nueva jornada del equipo de profesionales de la fundaci\u00f3n, que en esta ocasi\u00f3n nos ha reunido para dar un paso m\u00e1s all\u00e1 en nuestro modelo de atenci\u00f3n a las personas y en nuestras relaciones como trabajadoras y trabajadores: para tejer v\u00ednculos .<\/span><\/p>\n<p>Fueron 4 horas en las que adem\u00e1s de divertirnos, visualizamos la orientaci\u00f3n de futuro hacia donde se dirige la organizaci\u00f3n, y conocimos algunos de los proyectos m\u00e1s innovadores que estamos llevando a cabo.<\/p>\n<p id=\"tw-target-text\" class=\"tw-data-text tw-ta tw-text-small\" dir=\"ltr\" data-placeholder=\"Traducci\u00f3\"><span lang=\"es\" tabindex=\"0\">La primera parte de la jornada consisti\u00f3 en conocer el modelo de atenci\u00f3n de las personas con discapacidad intelectual de la entidad balear <a href=\"https:\/\/www.amadipesment.org\/\">AMADIP-ESMENT<\/a>, un modelo en el que la Fundaci\u00f3 Tallers queremos orientarnos para mejorar la atenci\u00f3n y la calidad de vida de las personas con discapacidad.<\/span><\/p>\n<p id=\"tw-target-text\" class=\"tw-data-text tw-ta tw-text-small\" dir=\"ltr\" data-placeholder=\"Traducci\u00f3\"><span lang=\"es\" tabindex=\"0\">La jornada tambi\u00e9n fue un momento para conocer los dos proyectos que estamos desarrollando en la fundaci\u00f3n y que son, a la vez, estos primeros pasos que nos acercan al modelo balear:<\/span><\/p>\n<ul>\n<li>el proyecto de formaci\u00f3n y aprendizaje \u00abAct\u00edvate en el mundo digital\u00bb orientado a j\u00f3venes con diagn\u00f3stico de salud mental<\/li>\n<li>el proyecto \u00abHistorias de Vida\u00bb del grupo de personas mayores de la fundaci\u00f3n.<\/li>\n<\/ul>\n<p><img fetchpriority=\"high\" decoding=\"async\" class=\" wp-image-1500 aligncenter\" src=\"https:\/\/fundaciotallers.org\/wp-content\/uploads\/2019\/03\/IMG_0961-300x200.jpg\" alt=\"\" width=\"383\" height=\"255\" srcset=\"https:\/\/fundaciotallers.org\/wp-content\/uploads\/2019\/03\/IMG_0961-300x200.jpg 300w, https:\/\/fundaciotallers.org\/wp-content\/uploads\/2019\/03\/IMG_0961-768x512.jpg 768w, https:\/\/fundaciotallers.org\/wp-content\/uploads\/2019\/03\/IMG_0961-1024x683.jpg 1024w\" sizes=\"(max-width: 383px) 100vw, 383px\" \/><br \/>\nDos proyectos pioneros que nos hacen sentir orgullosos de la labor de la fundaci\u00f3n y que nos alientan a seguir trabajado para generar oportunidades para las personas con m\u00e1s necesidades de apoyo.<\/p>\n","protected":false},"excerpt":{"rendered":"<p>Una nueva jornada del equipo de profesionales de la fundaci\u00f3n, que en esta ocasi\u00f3n nos ha reunido para dar un paso m\u00e1s all\u00e1 en nuestro modelo de atenci\u00f3n a las personas y en nuestras relaciones como trabajadoras y trabajadores: para tejer v\u00ednculos . Fueron 4 horas en las que adem\u00e1s de divertirnos, visualizamos la orientaci\u00f3n de futuro hacia donde se&hellip;<\/p>\n","protected":false},"author":2,"featured_media":1497,"comment_status":"open","ping_status":"open","sticky":false,"template":"","format":"standard","meta":{"footnotes":""},"categories":[49,61,68,76],"tags":[],"class_list":["post-1503","post","type-post","status-publish","format-standard","has-post-thumbnail","hentry","category-con-y-por-las-personas","category-fundacio-tallers-es","category-personas","category-proyectos"],"_links":{"self":[{"href":"https:\/\/fundaciotallers.org\/es\/wp-json\/wp\/v2\/posts\/1503","targetHints":{"allow":["GET"]}}],"collection":[{"href":"https:\/\/fundaciotallers.org\/es\/wp-json\/wp\/v2\/posts"}],"about":[{"href":"https:\/\/fundaciotallers.org\/es\/wp-json\/wp\/v2\/types\/post"}],"author":[{"embeddable":true,"href":"https:\/\/fundaciotallers.org\/es\/wp-json\/wp\/v2\/users\/2"}],"replies":[{"embeddable":true,"href":"https:\/\/fundaciotallers.org\/es\/wp-json\/wp\/v2\/comments?post=1503"}],"version-history":[{"count":4,"href":"https:\/\/fundaciotallers.org\/es\/wp-json\/wp\/v2\/posts\/1503\/revisions"}],"predecessor-version":[{"id":1510,"href":"https:\/\/fundaciotallers.org\/es\/wp-json\/wp\/v2\/posts\/1503\/revisions\/1510"}],"wp:featuredmedia":[{"embeddable":true,"href":"https:\/\/fundaciotallers.org\/es\/wp-json\/wp\/v2\/media\/1497"}],"wp:attachment":[{"href":"https:\/\/fundaciotallers.org\/es\/wp-json\/wp\/v2\/media?parent=1503"}],"wp:term":[{"taxonomy":"category","embeddable":true,"href":"https:\/\/fundaciotallers.org\/es\/wp-json\/wp\/v2\/categories?post=1503"},{"taxonomy":"post_tag","embeddable":true,"href":"https:\/\/fundaciotallers.org\/es\/wp-json\/wp\/v2\/tags?post=1503"}],"curies":[{"name":"wp","href":"https:\/\/api.w.org\/{rel}","templated":true}]}}