{"id":1443,"date":"2019-01-15T10:36:51","date_gmt":"2019-01-15T10:36:51","guid":{"rendered":"https:\/\/fundaciotallers.org\/?p=1443"},"modified":"2019-01-16T18:06:50","modified_gmt":"2019-01-16T18:06:50","slug":"la-genten-joven-de-europa-es-solidaria","status":"publish","type":"post","link":"https:\/\/fundaciotallers.org\/es\/2019\/01\/15\/la-genten-joven-de-europa-es-solidaria\/","title":{"rendered":"La gente joven de Europa es solidaria"},"content":{"rendered":"<p><img fetchpriority=\"high\" decoding=\"async\" class=\"wp-image-1428 alignleft\" src=\"https:\/\/fundaciotallers.org\/wp-content\/uploads\/2019\/01\/VOL.-EUROPEU-GRUP-300x225.jpg\" alt=\"\" width=\"275\" height=\"206\" srcset=\"https:\/\/fundaciotallers.org\/wp-content\/uploads\/2019\/01\/VOL.-EUROPEU-GRUP-300x225.jpg 300w, https:\/\/fundaciotallers.org\/wp-content\/uploads\/2019\/01\/VOL.-EUROPEU-GRUP-768x576.jpg 768w, https:\/\/fundaciotallers.org\/wp-content\/uploads\/2019\/01\/VOL.-EUROPEU-GRUP-1024x768.jpg 1024w\" sizes=\"(max-width: 275px) 100vw, 275px\" \/><strong>\u00bfQue motivaci\u00f3n tienen las personas que viven m\u00e1s all\u00e1 de nuestro territorio para hacer de voluntarias en una entidad social?<\/strong><\/p>\n<p>Sin duda, cuando hablamos de voluntariado, a veces pensamos solo en personas pr\u00f3ximas a nuestro territorio, a nuestra comunidad. Pero en Fundaci\u00f3 Tallers hemos abierto fronteras para encontrarnos con personas como Serafina y Romain, que llevan un par de meses con nosotros.<\/p>\n<p><img decoding=\"async\" class=\"wp-image-1434 alignright\" src=\"https:\/\/fundaciotallers.org\/wp-content\/uploads\/2019\/01\/VOL.-EUROPEU-SERA-300x225.jpg\" alt=\"\" width=\"139\" height=\"104\" srcset=\"https:\/\/fundaciotallers.org\/wp-content\/uploads\/2019\/01\/VOL.-EUROPEU-SERA-300x225.jpg 300w, https:\/\/fundaciotallers.org\/wp-content\/uploads\/2019\/01\/VOL.-EUROPEU-SERA-768x576.jpg 768w, https:\/\/fundaciotallers.org\/wp-content\/uploads\/2019\/01\/VOL.-EUROPEU-SERA-1024x768.jpg 1024w\" sizes=\"(max-width: 139px) 100vw, 139px\" \/><\/p>\n<p>Romain, es franc\u00e9s y Serafina de Italia, los dos forman parte del programa\u00a0<a href=\"https:\/\/europa.eu\/youth\/solidarity_es\"><strong>European Solidarity Corps<\/strong><\/a> de la Uni\u00f3n Europea.<\/p>\n<p>Serafina ya habla de \u00abmadre y hermana espa\u00f1olas\u00bb cuando se refiere a la familia con la que vive en Santa Coloma de Gramenet y, adem\u00e1s del soporte y acompa\u00f1amiento a los usuarios, est\u00e1 impartiendo clases de italiano a dos grupos del centro ocupacional.<\/p>\n<p>\u201cY si&#8230;.\u201d ser\u00eda el inicio de frase que m\u00e1s escuchamos de Romain, que est\u00e1 siempre proponiendo actividades y acciones para desarrollar durante su voluntariado, con una visi\u00f3n muy positiva de las necesidades de las personas.<\/p>\n<p><img decoding=\"async\" class=\"wp-image-1431 alignleft\" src=\"https:\/\/fundaciotallers.org\/wp-content\/uploads\/2019\/01\/VOL.-EUROPEU-ROMAIN-300x225.jpg\" alt=\"\" width=\"227\" height=\"169\" srcset=\"https:\/\/fundaciotallers.org\/wp-content\/uploads\/2019\/01\/VOL.-EUROPEU-ROMAIN-300x225.jpg 300w, https:\/\/fundaciotallers.org\/wp-content\/uploads\/2019\/01\/VOL.-EUROPEU-ROMAIN-768x576.jpg 768w, https:\/\/fundaciotallers.org\/wp-content\/uploads\/2019\/01\/VOL.-EUROPEU-ROMAIN-1024x768.jpg 1024w, https:\/\/fundaciotallers.org\/wp-content\/uploads\/2019\/01\/VOL.-EUROPEU-ROMAIN.jpg 1600w\" sizes=\"(max-width: 227px) 100vw, 227px\" \/><\/p>\n<p>La cooperaci\u00f3n es uno de los valores de Fundaci\u00f3 Tallers, y en proyectos de colaboraci\u00f3n de este tipo es cuando somos conscientes de la importancia de fomentar la acci\u00f3n de compartir, por parte de todos y todas y entre todos y todas, una de las herramientas m\u00e1s potentes para empoderarnos como personas y como organizaci\u00f3n.<\/p>\n<p>\u00bfY t\u00fa?, \u00bfcu\u00e1ndo te apuntas? <a href=\"&#x6d;&#97;&#105;&#x6c;&#x74;&#111;&#58;&#x76;&#x6f;&#108;&#117;&#x6e;&#x74;&#97;&#114;&#x69;&#x61;&#116;&#64;&#x66;&#x75;&#110;&#100;&#x61;&#x63;&#105;&#111;&#x74;&#x61;&#108;&#108;&#x65;&#x72;&#115;&#46;&#x6f;&#x72;&#103;\">&#x76;&#111;&#x6c;&#117;n&#x74;&#97;r&#x69;&#97;&#x74;&#x40;f&#x75;&#110;d&#x61;&#99;&#x69;&#x6f;t&#x61;&#108;l&#x65;&#114;s&#x2e;&#111;&#x72;&#103;<\/a><\/p>\n","protected":false},"excerpt":{"rendered":"<p>\u00bfQue motivaci\u00f3n tienen las personas que viven m\u00e1s all\u00e1 de nuestro territorio para hacer de voluntarias en una entidad social? Sin duda, cuando hablamos de voluntariado, a veces pensamos solo en personas pr\u00f3ximas a nuestro territorio, a nuestra comunidad. Pero en Fundaci\u00f3 Tallers hemos abierto fronteras para encontrarnos con personas como Serafina y Romain, que llevan un par de meses&hellip;<\/p>\n","protected":false},"author":2,"featured_media":1430,"comment_status":"open","ping_status":"open","sticky":false,"template":"","format":"standard","meta":{"footnotes":""},"categories":[55,57,49,60,61,68,76,69,70,72,73],"tags":[],"class_list":["post-1443","post","type-post","status-publish","format-standard","has-post-thumbnail","hentry","category-centro-ocupacional","category-comunidad","category-con-y-por-las-personas","category-empresas-con-vision-social","category-fundacio-tallers-es","category-personas","category-proyectos","category-santa-coloma-de-gramanet","category-tercer-sector-es","category-valor-social-es","category-voluntariat-es"],"_links":{"self":[{"href":"https:\/\/fundaciotallers.org\/es\/wp-json\/wp\/v2\/posts\/1443","targetHints":{"allow":["GET"]}}],"collection":[{"href":"https:\/\/fundaciotallers.org\/es\/wp-json\/wp\/v2\/posts"}],"about":[{"href":"https:\/\/fundaciotallers.org\/es\/wp-json\/wp\/v2\/types\/post"}],"author":[{"embeddable":true,"href":"https:\/\/fundaciotallers.org\/es\/wp-json\/wp\/v2\/users\/2"}],"replies":[{"embeddable":true,"href":"https:\/\/fundaciotallers.org\/es\/wp-json\/wp\/v2\/comments?post=1443"}],"version-history":[{"count":2,"href":"https:\/\/fundaciotallers.org\/es\/wp-json\/wp\/v2\/posts\/1443\/revisions"}],"predecessor-version":[{"id":1445,"href":"https:\/\/fundaciotallers.org\/es\/wp-json\/wp\/v2\/posts\/1443\/revisions\/1445"}],"wp:featuredmedia":[{"embeddable":true,"href":"https:\/\/fundaciotallers.org\/es\/wp-json\/wp\/v2\/media\/1430"}],"wp:attachment":[{"href":"https:\/\/fundaciotallers.org\/es\/wp-json\/wp\/v2\/media?parent=1443"}],"wp:term":[{"taxonomy":"category","embeddable":true,"href":"https:\/\/fundaciotallers.org\/es\/wp-json\/wp\/v2\/categories?post=1443"},{"taxonomy":"post_tag","embeddable":true,"href":"https:\/\/fundaciotallers.org\/es\/wp-json\/wp\/v2\/tags?post=1443"}],"curies":[{"name":"wp","href":"https:\/\/api.w.org\/{rel}","templated":true}]}}