{"id":1322,"date":"2018-06-01T13:59:09","date_gmt":"2018-06-01T13:59:09","guid":{"rendered":"https:\/\/fundaciotallers.org\/?p=1322"},"modified":"2018-10-24T08:19:30","modified_gmt":"2018-10-24T08:19:30","slug":"entrevista-neus-puig-servei-insercio-laboral","status":"publish","type":"post","link":"https:\/\/fundaciotallers.org\/es\/2018\/06\/01\/entrevista-neus-puig-servei-insercio-laboral\/","title":{"rendered":"Entrevista Neus Puig \u2013 Servicio Inserci\u00f3n Laboral"},"content":{"rendered":"<p>[vc_row][vc_column][vc_column_text]Conocemos a Neus Puig, miembro del Servicio de Inserci\u00f3n Laboral de Fundaci\u00f3 Tallers<\/p>\n<p><span style=\"color: #3366ff;\"><img fetchpriority=\"high\" decoding=\"async\" class=\"alignnone wp-image-771\" src=\"https:\/\/fundaciotallers.org\/wp-content\/uploads\/2018\/06\/IMG_20180426_101412-300x168.jpg\" alt=\"\" width=\"548\" height=\"307\" srcset=\"https:\/\/fundaciotallers.org\/wp-content\/uploads\/2018\/06\/IMG_20180426_101412-300x168.jpg 300w, https:\/\/fundaciotallers.org\/wp-content\/uploads\/2018\/06\/IMG_20180426_101412-768x431.jpg 768w, https:\/\/fundaciotallers.org\/wp-content\/uploads\/2018\/06\/IMG_20180426_101412-1024x575.jpg 1024w\" sizes=\"(max-width: 548px) 100vw, 548px\" \/><\/span><\/p>\n<p><span style=\"color: #3366ff;\">\u2013 Neus, h\u00e1blanos un poco de ti \u00bfc\u00f3mo te defines?<\/span><\/p>\n<p style=\"text-align: justify;\">Soy psic\u00f3loga, terapeuta Gestalt y terapeuta corporal. Tengo 35 a\u00f1os, trabajo de orientadora laboral al Servicio de Inserci\u00f3n Laboral de Fundaci\u00f3 Tallers y me gustan los scape rooms, los amigos y la familia.<\/p>\n<p><span style=\"color: #3366ff;\">&#8211; \u00bfQu\u00e9 proyecto lideras en Fundaci\u00f3 Tallers? \u00bfEn qu\u00e9 consiste?<\/span><\/p>\n<p>Desde hace unos a\u00f1os, al SIL, trabajamos desde el Modelo Central a la Persona. Cuando entr\u00e9, en diciembre del 2013 y vi el servicio, tuve la iniciativa de ofrecer sesiones grupales de auto conocimiento y gesti\u00f3n emocional puesto que cre\u00ed importando trabajar los aspectos personales, ver la persona usuaria como persona que vive y siendo y que tiene una historia personal (la mayor\u00eda son parados de larga duraci\u00f3n) que le influye a ser m\u00e1s o menos activa en su investigaci\u00f3n de trabajo. Desde hace un par de a\u00f1os, cuando acab\u00e9 la formaci\u00f3n de cuerpo y movimiento, tambi\u00e9n lidero sesiones de movimiento expresivo y din\u00e1micas corporales.<\/p>\n<p>\u00daltimamente hemos abierto estas acciones innovadoras, como el movimiento expresivo, a personas usuarias de la Fundaci\u00f3 Barber\u00e0 Promoci\u00f3 y nos nutrimos mutuamente entre los compa\u00f1eros del SIL y con las personas que trabajamos, esto es lo importante.<\/p>\n<p><span style=\"color: #3366ff;\">\u2013 \u00bfCu\u00e1ndo te incorporaste a la Fundaci\u00f3 Tallers? \u00bfQu\u00e9 te cautiv\u00f3 para formar parte?<\/span><\/p>\n<p>Lo que m\u00e1s me gust\u00f3, aparte del proyecto que era personalizado, era la oportunidad que tenemos para innovar y como entre todo el equipo aportamos nuevas competencias.<\/p>\n<p>Tambi\u00e9n es muy importante la colaboraci\u00f3n con otras entidades que trabajan en el empoderamiento a la persona como las sesiones de Teatro Social de Averlasailas o las de cineter\u00e0pia donde las propias personas crearon y producir un cortometraje.<\/p>\n<p>Todo esto es importante, puesto que trabajamos los aspectos personales, relacionales y el desarrollo de competencias con otras herramientas, a partir de las motivaciones e intereses de cada persona, que menudo no se pueden ver en el curr\u00edculum habitualmente.<\/p>\n<p><span style=\"color: #3366ff;\">\u2013 \u00bfQu\u00e9 retos tienes actualmente? \u00bfY de futuro?<\/span><\/p>\n<p>Tengo muchos frentes abiertos. Por un lado, seguir innovando y preservando las acciones que ya he hecho y otros que querr\u00eda hacer en un futuro, como trabajar la inclusi\u00f3n de las personas con discapacidad a la comunidad. En relaci\u00f3n al trabajo en red, viendo los \u00e9xitos de las sesiones de gesti\u00f3n emocional y autoconocimiento, se abre la v\u00eda de colaboraci\u00f3n para llevar a cabo estas sesiones con otros colectivos.<\/p>\n<p>Tambi\u00e9n me gustar\u00eda continuar con las sesiones de terapia individual que hago y las colaboraciones como terapeuta en el Instituto Gestalt de Barcelona.<\/p>\n<p><span style=\"color: #3366ff;\">\u2013 En Fundaci\u00f3 Tallers \u201cLa ilusi\u00f3n nos hace ser personas transformadoras y perseverantes, cooperando con responsabilidad, transparencia y sostenibilidad.\u201d Estos son los valores de la Fundaci\u00f3 Tallers. \u00bfCon cu\u00e1l de ellos te sientes m\u00e1s identificada? \u00bfPor qu\u00e9?<\/span><\/p>\n<p><img decoding=\"async\" class=\" wp-image-772 alignleft\" src=\"https:\/\/fundaciotallers.org\/wp-content\/uploads\/2018\/06\/IMG_20180426_102030-168x300.jpg\" alt=\"\" width=\"213\" height=\"380\" srcset=\"https:\/\/fundaciotallers.org\/wp-content\/uploads\/2018\/06\/IMG_20180426_102030-168x300.jpg 168w, https:\/\/fundaciotallers.org\/wp-content\/uploads\/2018\/06\/IMG_20180426_102030-768x1368.jpg 768w, https:\/\/fundaciotallers.org\/wp-content\/uploads\/2018\/06\/IMG_20180426_102030-575x1024.jpg 575w\" sizes=\"(max-width: 213px) 100vw, 213px\" \/><\/p>\n<p>Creo que todos estos valores forman parte del mismo engranaje, quiz\u00e1s me identifico m\u00e1s con el de ser \u201cTransformador\u201d. Tambi\u00e9n a\u00f1adir\u00eda la Humildad como un valor que tenemos arraigado. Huyendo de paternalismos, trabajamos para acompa\u00f1ar y reconocer que la persona es la protagonista del cambio (quien realmente decide y sabe qu\u00e9 le conviene), no eres t\u00fa como orientador, sino ella. Le puedes decir tu opini\u00f3n pero ella ser\u00e1 qui\u00e9n elija y se tiene que respetar. T\u00fa s\u00f3lo acompa\u00f1as su proceso\u2026 cambiar la mirada, confiar en qu\u00e9 ella ser\u00e1 capaz y sabe.<\/p>\n<p><span style=\"color: #3366ff;\">\u2013 \u00bfNos quieres dejar un mensaje por tus compa\u00f1eros, las familias y el entorno?<\/span><\/p>\n<p>Unidos somos m\u00e1s fuertes.[\/vc_column_text][\/vc_column][\/vc_row]<\/p>\n","protected":false},"excerpt":{"rendered":"<p>[vc_row][vc_column][vc_column_text]Conocemos a Neus Puig, miembro del Servicio de Inserci\u00f3n Laboral de Fundaci\u00f3 Tallers \u2013 Neus, h\u00e1blanos un poco de ti \u00bfc\u00f3mo te defines? Soy psic\u00f3loga, terapeuta Gestalt y terapeuta corporal. Tengo 35 a\u00f1os, trabajo de orientadora laboral al Servicio de Inserci\u00f3n Laboral de Fundaci\u00f3 Tallers y me gustan los scape rooms, los amigos y la familia. &#8211; \u00bfQu\u00e9 proyecto lideras&hellip;<\/p>\n","protected":false},"author":1,"featured_media":0,"comment_status":"open","ping_status":"open","sticky":false,"template":"","format":"standard","meta":{"footnotes":""},"categories":[71],"tags":[],"class_list":["post-1322","post","type-post","status-publish","format-standard","hentry","category-uncatagorized-es"],"_links":{"self":[{"href":"https:\/\/fundaciotallers.org\/es\/wp-json\/wp\/v2\/posts\/1322","targetHints":{"allow":["GET"]}}],"collection":[{"href":"https:\/\/fundaciotallers.org\/es\/wp-json\/wp\/v2\/posts"}],"about":[{"href":"https:\/\/fundaciotallers.org\/es\/wp-json\/wp\/v2\/types\/post"}],"author":[{"embeddable":true,"href":"https:\/\/fundaciotallers.org\/es\/wp-json\/wp\/v2\/users\/1"}],"replies":[{"embeddable":true,"href":"https:\/\/fundaciotallers.org\/es\/wp-json\/wp\/v2\/comments?post=1322"}],"version-history":[{"count":3,"href":"https:\/\/fundaciotallers.org\/es\/wp-json\/wp\/v2\/posts\/1322\/revisions"}],"predecessor-version":[{"id":1329,"href":"https:\/\/fundaciotallers.org\/es\/wp-json\/wp\/v2\/posts\/1322\/revisions\/1329"}],"wp:attachment":[{"href":"https:\/\/fundaciotallers.org\/es\/wp-json\/wp\/v2\/media?parent=1322"}],"wp:term":[{"taxonomy":"category","embeddable":true,"href":"https:\/\/fundaciotallers.org\/es\/wp-json\/wp\/v2\/categories?post=1322"},{"taxonomy":"post_tag","embeddable":true,"href":"https:\/\/fundaciotallers.org\/es\/wp-json\/wp\/v2\/tags?post=1322"}],"curies":[{"name":"wp","href":"https:\/\/api.w.org\/{rel}","templated":true}]}}