{"id":750,"date":"2018-06-01T09:13:16","date_gmt":"2018-06-01T09:13:16","guid":{"rendered":"https:\/\/fundaciotallers.org\/?p=750"},"modified":"2018-06-04T06:24:32","modified_gmt":"2018-06-04T06:24:32","slug":"millorant-el-clima-laboral-a-fundacio-tallers","status":"publish","type":"post","link":"https:\/\/fundaciotallers.org\/ca\/2018\/06\/01\/millorant-el-clima-laboral-a-fundacio-tallers\/","title":{"rendered":"Millorant el Clima Laboral a Fundaci\u00f3 Tallers"},"content":{"rendered":"<p><span style=\"display: inline !important; float: none; background-color: transparent; color: #444444; font-family: Georgia,'Bitstream Charter',serif; font-size: 16px; font-style: normal; font-variant: normal; font-weight: 400; letter-spacing: normal; line-height: 24px; orphans: 2; text-align: left; text-decoration: none; text-indent: 0px; text-transform: none; -webkit-text-stroke-width: 0px; white-space: normal; word-spacing: 0px;\">La millora del Clima Laboral i la prevenci\u00f3 dels Riscos Psicososcials com a eina per la millora de la qualitat de vida.<\/span><\/p>\n<p><a href=\"https:\/\/youtu.be\/Sjf1gdF8Xsg\"><img fetchpriority=\"high\" decoding=\"async\" class=\"wp-image-751 alignnone\" src=\"https:\/\/fundaciotallers.org\/wp-content\/uploads\/2018\/06\/jornada-Clima-Laboral-2018-300x225.jpg\" alt=\"\" width=\"612\" height=\"459\" srcset=\"https:\/\/fundaciotallers.org\/wp-content\/uploads\/2018\/06\/jornada-Clima-Laboral-2018-300x225.jpg 300w, https:\/\/fundaciotallers.org\/wp-content\/uploads\/2018\/06\/jornada-Clima-Laboral-2018-768x576.jpg 768w, https:\/\/fundaciotallers.org\/wp-content\/uploads\/2018\/06\/jornada-Clima-Laboral-2018.jpg 960w\" sizes=\"(max-width: 612px) 100vw, 612px\" \/><\/a><\/p>\n<p style=\"text-align: left;\">A la Fundaci\u00f3 Tallers apostem per a que totes les persones de la nostra organitzaci\u00f3 se sentin b\u00e9 en el seu entorn laboral.<\/p>\n<p style=\"text-align: left;\">Hem desenvolupat un projecte de millora del clima laboral, empodernat a les persones en el seu lloc de treball i prenent consci\u00e8ncia de que tots influ\u00efm en el benestar dels altres.<\/p>\n<p style=\"text-align: left;\">No et perdis el v\u00eddeo de la presentaci\u00f3 del projecte i de l&#8217;experi\u00e8ncia de l&#8217;equip de treballadors que l&#8217;ha iniciat, volem compartir amb tu l&#8217;entusiasme que vam viure durant la jornada!<\/p>\n","protected":false},"excerpt":{"rendered":"<p>La millora del Clima Laboral i la prevenci\u00f3 dels Riscos Psicososcials com a eina per la millora de la qualitat&hellip;<\/p>\n","protected":false},"author":3,"featured_media":751,"comment_status":"open","ping_status":"open","sticky":false,"template":"","format":"standard","meta":{"footnotes":""},"categories":[17,16,8,20,22,31,9,23,11,12,1,25,26,13,14,27,24,28,29,32,21,15,18,19,30],"tags":[39,33,40,34,46,35,36,37,44,45,38,41,43,42],"class_list":["post-750","post","type-post","status-publish","format-standard","has-post-thumbnail","hentry","category-amb-i-per-les-persones","category-badia-del-valles","category-centre-especial-de-treball","category-centre-ocupacional","category-cercles","category-comunitat","category-discapacitat","category-emprenedors","category-empreses-amb-visio-social","category-fundacio-tallers","category-general","category-gestio-documental","category-gestio-mediambiental","category-insercio-laboral","category-insercio-sociolaboral","category-jardineria","category-lismi","category-manipulats","category-neteja-viaria","category-persones","category-projectes","category-santa-coloma-de-gramenet","category-tercer-sector","category-valor-social","category-voluntariat","tag-badia-del-valles","tag-centre-especial-de-treball","tag-centre-ocupacional","tag-discapacitat","tag-entitat-social","tag-fundacio-tallers","tag-inclusio-social","tag-insercio-sociolaboral","tag-medi-ambient","tag-rsc","tag-santa-coloma-de-gramenet","tag-som-comunitat","tag-som-empresa","tag-som-persones"],"_links":{"self":[{"href":"https:\/\/fundaciotallers.org\/ca\/wp-json\/wp\/v2\/posts\/750","targetHints":{"allow":["GET"]}}],"collection":[{"href":"https:\/\/fundaciotallers.org\/ca\/wp-json\/wp\/v2\/posts"}],"about":[{"href":"https:\/\/fundaciotallers.org\/ca\/wp-json\/wp\/v2\/types\/post"}],"author":[{"embeddable":true,"href":"https:\/\/fundaciotallers.org\/ca\/wp-json\/wp\/v2\/users\/3"}],"replies":[{"embeddable":true,"href":"https:\/\/fundaciotallers.org\/ca\/wp-json\/wp\/v2\/comments?post=750"}],"version-history":[{"count":1,"href":"https:\/\/fundaciotallers.org\/ca\/wp-json\/wp\/v2\/posts\/750\/revisions"}],"predecessor-version":[{"id":752,"href":"https:\/\/fundaciotallers.org\/ca\/wp-json\/wp\/v2\/posts\/750\/revisions\/752"}],"wp:featuredmedia":[{"embeddable":true,"href":"https:\/\/fundaciotallers.org\/ca\/wp-json\/wp\/v2\/media\/751"}],"wp:attachment":[{"href":"https:\/\/fundaciotallers.org\/ca\/wp-json\/wp\/v2\/media?parent=750"}],"wp:term":[{"taxonomy":"category","embeddable":true,"href":"https:\/\/fundaciotallers.org\/ca\/wp-json\/wp\/v2\/categories?post=750"},{"taxonomy":"post_tag","embeddable":true,"href":"https:\/\/fundaciotallers.org\/ca\/wp-json\/wp\/v2\/tags?post=750"}],"curies":[{"name":"wp","href":"https:\/\/api.w.org\/{rel}","templated":true}]}}