{"id":7402,"date":"2021-08-24T10:16:21","date_gmt":"2021-08-24T10:16:21","guid":{"rendered":"https:\/\/fundaciotallers.org\/?p=7402"},"modified":"2021-08-24T09:44:18","modified_gmt":"2021-08-24T09:44:18","slug":"calendari-digualtat-setembre","status":"publish","type":"post","link":"https:\/\/fundaciotallers.org\/ca\/2021\/08\/24\/calendari-digualtat-setembre\/","title":{"rendered":"Calendari d\u2019igualtat. Setembre"},"content":{"rendered":"<p><span style=\"font-weight: 400;\">I arribem al mes de <strong>setembre<\/strong> amb una <strong>nova p\u00e0gina del calendari d\u2019igualtat<\/strong> per estrenar. La protagonista d\u2019aquest mes \u00e9s <strong>Ruth Bader Ginsburg<\/strong>, jutgessa associada del Tribunal Suprem dels Estats Units.<\/span><\/p>\n<p><span style=\"font-weight: 400;\">Estudi\u00e0 Dret a la Universitat de Col\u00fambia on <strong>es gradu\u00e0 empatant en el primer lloc de la seva promoci\u00f3<\/strong>, m\u00e9s tard entr\u00e0 en l\u2019\u00e0mbit acad\u00e8mic i exerc\u00ed de professora universit\u00e0ria. De fet e<strong>ra una de les 20 dones professores de Dret als Estats Units<\/strong>.<\/span><\/p>\n<p><span style=\"font-weight: 400;\">Al comen\u00e7ament de la seva carrera professional, <strong>tingu\u00e9 certes dificultats per trobar feina degut al seu g\u00e8nere<\/strong>. Bona mostra d\u2019aix\u00f2 \u00e9s que l\u2019any 1963, informaren a Ruth Bader que <strong>cobraria menys que els seus companys homes per fer la mateixa feina perqu\u00e8 era una dona casada i el seu marit ja tenia prou bon sou<\/strong>.<\/span><\/p>\n<p><span style=\"font-weight: 400;\">De fet, <strong>va ser discriminada laboralment pel fet de ser dona i per quedar-se embarassada<\/strong>, <strong>sent acomiadada<\/strong> d\u2019una feina durant la gestaci\u00f3 i ocultant el segon embar\u00e0s per no patir la mateixa experi\u00e8ncia. En aquella \u00e8poca encara estava permesa l\u2019opci\u00f3 d\u2019acomiadar una dona si estava embarassada, de manera que <strong>va ser una de les causes en les que va depositar energia, professionalitat i determinaci\u00f3<\/strong>: per defensar el dret de les dones i tirar enrere aquesta llei.<\/span><\/p>\n<p><span style=\"font-weight: 400;\">La inquietud i determinaci\u00f3 de <strong>Ruth Bader<\/strong> la van portar a <strong>aprendre suec<\/strong> per ser co-autora d\u2019un llibre sobre procediment civil a Su\u00e8cia. De fet, en l\u2019etapa a Su\u00e8cia, a principis dels anys 60, va ser on va comen\u00e7ar a treballar sobre la igualtat de g\u00e8nere i <strong>on observ\u00e0 que all\u00e0, per exemple, entre el 20% el 25% d\u2019estudiants de dret, eren dones<\/strong>.<\/span><\/p>\n<p><span style=\"font-weight: 400;\">La seva <strong>traject\u00f2ria va conc\u00f3rrer entre el m\u00f3n acad\u00e8mic i l\u2019exercici de jurista<\/strong> defensant sempre els <strong>drets de les dones i la igualtat<\/strong>. Tant \u00e9s aix\u00ed que es guanya el <strong>sobrenom de RBG<\/strong>, fent \u00fas de les inicials del seu nom, amb tot el que comporta, esdevenir una persona reconeguda nom\u00e9s per les inicials.<\/span><\/p>\n<p><span style=\"font-weight: 400;\">El 1980 va ser <strong>nomenada per cobrir una vacant al Tribunal d\u2019Apel\u00b7lacions dels Estats Units<\/strong> per al Circuit del Districte de Col\u00fambia i el 1993 jutgessa associada al Tribunal Suprem dels Estats Units. Fou la <strong>segona dona i la primera dona jueva a ser jutgessa del Tribunal Suprem<\/strong>.<\/span><\/p>\n<p><span style=\"font-weight: 400;\">Tamb\u00e9 amb l\u2019<strong>aspecte formal va trencar motlles i esquemes<\/strong>, tant \u00e9s aix\u00ed que els<strong> colls de les seves togues han esdevingut tamb\u00e9 icones<\/strong>. De fet, en una acci\u00f3 de reivindicaci\u00f3 feminista, va comen\u00e7ar a utilitzar colls, ja que \u201c<strong>La toga est\u00e0ndard, est\u00e0 dissenyada per que sigui lluida per homes, perqu\u00e8 deixa espai per a que es vegi la camisa i la corbata<\/strong>\u201d. De manera que ella i <strong>Sandra Day O\u2019Connor<\/strong> &#8211; les dues primeres dones en arribar al Tribunal Suprem-, van pensar en <strong>incloure en la indument\u00e0ria un element que fos del seu gust i m\u00e9s c\u00f2mode i adient per elles<\/strong>.<\/span><\/p>\n<p><span style=\"font-weight: 400;\">Si vols con\u00e8ixer <strong>m\u00e9s detalls<\/strong> sobre la figura de <strong>Ruth Bader Gingsburg<\/strong>, et recomanem <\/span><a href=\"https:\/\/www.filmin.es\/pelicula\/rbg?origin=searcher&amp;origin-type=unique\" target=\"_blank\" rel=\"noopener\"><span style=\"font-weight: 400;\">aquest documental<\/span><\/a><span style=\"font-weight: 400;\"> o <\/span><a href=\"https:\/\/www.filmin.es\/pelicula\/una-cuestion-de-genero?origin=searcher&amp;origin-type=secondary\" target=\"_blank\" rel=\"noopener\"><span style=\"font-weight: 400;\">aquesta pel\u00b7l\u00edcula<\/span><\/a><span style=\"font-weight: 400;\"> que pots trobar a Filmin o demanar a la biblioteca <\/span><a href=\"https:\/\/editorial.tirant.com\/es\/libro\/una-cuestion-de-genero-ruth-bader-ginsburg-la-lucha-por-la-igualdad-ana-rodriguez-alvarez-9788413783987\" target=\"_blank\" rel=\"noopener\"><span style=\"font-weight: 400;\">aquest llibre<\/span><\/a><\/p>\n<p><span style=\"font-weight: 400;\">??<strong>Descarrega\u2019t <\/strong><\/span><strong><a href=\"https:\/\/fundaciotallers.org\/wp-content\/uploads\/2021\/07\/setembre_2021.jpg\" target=\"_blank\" rel=\"noopener\">aqu\u00ed <\/a><\/strong><span style=\"font-weight: 400;\"><strong>la p\u00e0gina del mes de setembre del calendari d\u2019igualtat<\/strong>??<\/span><\/p>\n","protected":false},"excerpt":{"rendered":"<p>I arribem al mes de setembre amb una nova p\u00e0gina del calendari d\u2019igualtat per estrenar. La protagonista d\u2019aquest mes \u00e9s&hellip;<\/p>\n","protected":false},"author":2,"featured_media":7451,"comment_status":"open","ping_status":"open","sticky":false,"template":"","format":"standard","meta":{"footnotes":""},"categories":[12],"tags":[],"class_list":["post-7402","post","type-post","status-publish","format-standard","has-post-thumbnail","hentry","category-fundacio-tallers"],"_links":{"self":[{"href":"https:\/\/fundaciotallers.org\/ca\/wp-json\/wp\/v2\/posts\/7402","targetHints":{"allow":["GET"]}}],"collection":[{"href":"https:\/\/fundaciotallers.org\/ca\/wp-json\/wp\/v2\/posts"}],"about":[{"href":"https:\/\/fundaciotallers.org\/ca\/wp-json\/wp\/v2\/types\/post"}],"author":[{"embeddable":true,"href":"https:\/\/fundaciotallers.org\/ca\/wp-json\/wp\/v2\/users\/2"}],"replies":[{"embeddable":true,"href":"https:\/\/fundaciotallers.org\/ca\/wp-json\/wp\/v2\/comments?post=7402"}],"version-history":[{"count":4,"href":"https:\/\/fundaciotallers.org\/ca\/wp-json\/wp\/v2\/posts\/7402\/revisions"}],"predecessor-version":[{"id":7453,"href":"https:\/\/fundaciotallers.org\/ca\/wp-json\/wp\/v2\/posts\/7402\/revisions\/7453"}],"wp:featuredmedia":[{"embeddable":true,"href":"https:\/\/fundaciotallers.org\/ca\/wp-json\/wp\/v2\/media\/7451"}],"wp:attachment":[{"href":"https:\/\/fundaciotallers.org\/ca\/wp-json\/wp\/v2\/media?parent=7402"}],"wp:term":[{"taxonomy":"category","embeddable":true,"href":"https:\/\/fundaciotallers.org\/ca\/wp-json\/wp\/v2\/categories?post=7402"},{"taxonomy":"post_tag","embeddable":true,"href":"https:\/\/fundaciotallers.org\/ca\/wp-json\/wp\/v2\/tags?post=7402"}],"curies":[{"name":"wp","href":"https:\/\/api.w.org\/{rel}","templated":true}]}}