{"id":7396,"date":"2021-07-29T09:05:37","date_gmt":"2021-07-29T09:05:37","guid":{"rendered":"https:\/\/fundaciotallers.org\/?p=7396"},"modified":"2021-08-24T09:51:55","modified_gmt":"2021-08-24T09:51:55","slug":"sioas-en-temps-de-pandemia","status":"publish","type":"post","link":"https:\/\/fundaciotallers.org\/ca\/2021\/07\/29\/sioas-en-temps-de-pandemia\/","title":{"rendered":"SIOAS en temps de pand\u00e8mia"},"content":{"rendered":"<p><span style=\"font-weight: 400;\">Des de l\u2019aparici\u00f3 de la Covid-19 al nostre pa\u00eds, s\u2019han posat de manifest tot tipus de q\u00fcestions relacionades amb la societat. Una d\u2019elles t\u00e9 a veure amb la <strong>precarietat laboral<\/strong>.<\/span><\/p>\n<p><span style=\"font-weight: 400;\">I \u00e9s que segons l\u2019Informe C\u00e0ritas publicat l\u2019abril del 2021, <strong>els mesos de confinament van representar l\u2019aguditzaci\u00f3 d\u2019una crisi social que s\u2019afegia a la crisi sanit\u00e0ria i econ\u00f2mica<\/strong> ja existents i provocava un <strong>impacte sense precedents a les vides de les persones<\/strong>.<\/span><\/p>\n<p>&nbsp;<\/p>\n<p><span style=\"font-weight: 400;\">La precarietat laboral, no cal dir-ho,&nbsp; ja existia en l\u2019\u00e8poca pr\u00e8via a l\u2019aparici\u00f3 de la Covid-19, i actualment no nom\u00e9s s\u2019ha cronificat sin\u00f3 que s\u2019ha <strong>transformat i amplificat<\/strong>.<\/span><\/p>\n<p><span style=\"font-weight: 400;\">A hores d\u2019ara, el sol fet de <strong>tenir una feina no \u00e9s sin\u00f2nim de protecci\u00f3<\/strong> i de quedar al marge de situacions d\u2019exclusi\u00f3 social.&nbsp;<\/span><\/p>\n<p>&nbsp;<\/p>\n<p><span style=\"font-weight: 400;\">Al <strong>Servei d\u2019Inerci\u00f3 Laboral (SIL)<\/strong> de la Fundaci\u00f3 Tallers amb la gesti\u00f3 dels <strong>Serveis Integrals d\u2019Orientaci\u00f3, Acompanyament i Suport a la Inserci\u00f3 (SIOAS)<\/strong>, generem o<strong>portunitats sociolaborals<\/strong> per a les <strong>persones amb discapacitat i\/o diagn\u00f2stic de Salut Mental<\/strong>.<\/span><\/p>\n<p>&nbsp;<\/p>\n<p><span style=\"font-weight: 400;\">El <strong>SIOAS<\/strong> \u00e9s un programa que compta amb la subvenci\u00f3 del <strong>Departament de Treball, Afers Socials i Fam\u00edlies de la Generalitat de Catalunya<\/strong> i el cofinan\u00e7ament del <strong>Fons Social Europeu<\/strong>.<\/span><\/p>\n<p>&nbsp;<\/p>\n<p><span style=\"font-weight: 400;\">De base, al SIL gestionem una <strong>Borsa de Treball especialitzada en persones amb certificat de discapacitat<\/strong>, actuant com a d&#8217;intermediaci\u00f3 especialitzada entre les empreses que ofereixen llocs de treball i les persones que cerquen una feina, oferint <strong>suports especialitzats i adaptats a les necessitats, tant de les persones ateses, com a les empreses col\u00b7laboradores<\/strong>.&nbsp;<\/span><\/p>\n<p><span style=\"font-weight: 400;\">Posant sempre la persona al centre, desenvolupem <strong>Plans Individuals d\u2019Inserci\u00f3<\/strong> per a les <strong>persones amb discapacitat i\/o diagn\u00f2stic de Salut Mental del Vall\u00e8s Occidental<\/strong>, en un marc de col\u00b7laboraci\u00f3 signat amb els ajuntaments de <strong>Badia del Vall\u00e8s i Barber\u00e0 del Vall\u00e8s<\/strong>.<\/span><\/p>\n<p><span style=\"font-weight: 400;\">Els resultats d\u2019aquesta temporada del programa <strong>SIOAS <\/strong><\/span><strong>2020<\/strong><span style=\"font-weight: 400;\"> (juny 2020 &#8211; juny 2021) han estat marcats per la <strong>situaci\u00f3 de crisi i precarietat<\/strong>:<\/span><\/p>\n<p>&nbsp;<\/p>\n<p><span style=\"font-weight: 400;\">Troben <strong>feina en Empresa Ordin\u00e0ria un 40% de les persones participants<\/strong>, de les quals, el 70% s\u00f3n homes i el 30% dones.&nbsp;<\/span><\/p>\n<p><span style=\"font-weight: 400;\">El <strong>20% persones amb discapacitat ps\u00edquica<\/strong>, el <strong>46% problemes de Salut Mental<\/strong> i el 3<strong>3%&nbsp;<\/strong><\/span><span style=\"font-weight: 400;\"><strong>persones amb discapacitat f\u00edsica<\/strong>.<\/span><\/p>\n<p><span style=\"font-weight: 400;\"><strong>Mantenen la feina en l\u2019empresa ordin\u00e0ria un 23%<\/strong> de les persones participants, de les quals un&nbsp;<\/span><span style=\"font-weight: 400;\">70% s\u00f3n homes i un 30% s\u00f3n dones.&nbsp;<\/span><\/p>\n<p><span style=\"font-weight: 400;\">El<strong> 7% persones amb discapacitat ps\u00edquica<\/strong>, el 5<strong>0% persones amb problemes de salut mental<\/strong> i el&nbsp;<\/span><span style=\"font-weight: 400;\"><strong>43% discapacitat f\u00edsica<\/strong>.<\/span><\/p>\n<p>&nbsp;<\/p>\n<p><span style=\"font-weight: 400;\">M\u00e9s enll\u00e0 de la inserci\u00f3 a l\u2019Empresa Ordin\u00e0ria, el <strong>83% de les persones participants han millorat la seva ocupabilitat<\/strong>. Aix\u00f2 significa que o <\/span><span style=\"font-weight: 400;\"><strong>han trobat feina en l\u2019empresa ordin\u00e0ria o en un Centre Especial de Treball<\/strong>, o han tingut l\u2019<strong>opci\u00f3 de completar la seva formaci\u00f3 o de realitzar pr\u00e0ctiques en empreses<\/strong>.&nbsp;<\/span><\/p>\n<p>&nbsp;<\/p>\n<p><span style=\"font-weight: 400;\">Per\u00f2 <strong>la tasca del SIL va m\u00e9s enll\u00e0<\/strong>. De fet, per gestionar la situaci\u00f3 causada <\/span><span style=\"font-weight: 400;\">per<\/span><span style=\"font-weight: 400;\"> la pand\u00e8mia de la Covid-19, es van <strong>adoptar una s\u00e8rie d\u2019accions, mesures i bones pr\u00e0ctiques<\/strong>, <\/span><span style=\"font-weight: 400;\">sempre posant \u00e8mfasi en que l\u2019<strong>escletxa digital<\/strong> no pos\u00e9s a les persones amb especials dificultats d\u2019inserci\u00f3 encara m\u00e9s en una <strong>situaci\u00f3 de desigualtat social<\/strong>. <\/span><span style=\"font-weight: 400;\">&nbsp;<\/span><\/p>\n<p>&nbsp;<\/p>\n<ul>\n<li><span style=\"font-weight: 400;\">S&#8217;adapten els canals de comunicaci\u00f3 amb les persones participants, <\/span><strong>combinant l\u2019atenci\u00f3 presencial amb la virtual<\/strong><\/li>\n<li style=\"font-weight: 400;\" aria-level=\"1\"><span style=\"font-weight: 400;\">S\u2019increment<\/span><span style=\"font-weight: 400;\">a<\/span><span style=\"font-weight: 400;\"> la<strong> intensitat de suports referents a aspectes emocionals<\/strong>, <\/span><span style=\"font-weight: 400;\">degut a la situaci\u00f3 de confinament, a\u00efllament social i incertesa, ja sigui social i\/o personal.<\/span><\/li>\n<li style=\"font-weight: 400;\" aria-level=\"1\"><span style=\"font-weight: 400;\">S\u2019elaboren <strong>documents i materials diversos de suport en Lectura F\u00e0cil<\/strong> per afavorir l\u2019accessibilitat cognitiva de les persones ateses. Els documents tenen relaci\u00f3 amb assumptes de treball, salut, tr\u00e0mits administratius, comunicats i informacions oficinals, recursos emocionals, oci a la xarxa, manual de preguntes freq\u00fcents, etc.<\/span><\/li>\n<li style=\"font-weight: 400;\" aria-level=\"1\"><span style=\"font-weight: 400;\">Es diagnostiquen les <strong>compet\u00e8ncies digitals<\/strong> de les persones ateses, permetent con\u00e8ixer el perfil tecnol\u00f2gic de <\/span><span style=\"font-weight: 400;\">cadascuna, amb l\u2019objectiu final de capacitar-les per afrontar amb major autonomia situacions actuals i futures que requereixin l\u2019acc\u00e9s i \u00fas de les TIC.<\/span><\/li>\n<\/ul>\n<p>&nbsp;<\/p>\n<p><span style=\"font-weight: 400;\">Les<\/span><span style=\"font-weight: 400;\"> dades d\u2019estudis com el del <strong>Centro de Investigaciones Sociol\u00f3gicas (CIS)<\/strong> alerten que les <strong>persones amb menys recursos dupliquen els nivells de depressi\u00f3<\/strong> i pensaments negatius que la poblaci\u00f3 de classe alta.<\/span><\/p>\n<p><span style=\"font-weight: 400;\">Aquest fet \u00e9s el que tamb\u00e9 s\u2019ha observat en el darrer <strong>SIOAS<\/strong>, on s\u2019ha detectat en les <strong>persones participants que l\u2019any de pand\u00e8mia est\u00e0 deixant un gran impacte en la Salut Mental<\/strong> en forma d\u2019apatia, frustraci\u00f3, desesperaci\u00f3 i impot\u00e8ncia davant d\u2019un <strong>futur incert i amb un gran increment de les desigualtats socials<\/strong>.<\/span><\/p>\n<p><span style=\"font-weight: 400;\"><strong>La urg\u00e8ncia de les persones ateses es centra en mirar de garantir un m\u00ednim d\u2019ingressos<\/strong> per\u00f2 a la vegada, degut a la situaci\u00f3 de crisi, el <strong>mercat laboral ofereix molt poques oportunitats laborals per a les persones amb especials dificultats<\/strong>. Per aix\u00f2, programes com el <strong>SIOAS<\/strong> prenen una dimensi\u00f3 d\u2019import\u00e0ncia <\/span><span style=\"font-weight: 400;\">cabdal<\/span><span style=\"font-weight: 400;\"> per a que les <strong>persones amb especials dificultats no quedin excloses de la societat<\/strong>.<\/span><\/p>\n<p>&nbsp;<\/p>\n<p><img fetchpriority=\"high\" decoding=\"async\" class=\"aligncenter wp-image-7394 size-large\" src=\"https:\/\/fundaciotallers.org\/wp-content\/uploads\/2021\/07\/sioas_logos-1024x125.jpg\" alt=\"\" width=\"1024\" height=\"125\" srcset=\"https:\/\/fundaciotallers.org\/wp-content\/uploads\/2021\/07\/sioas_logos-1024x125.jpg 1024w, https:\/\/fundaciotallers.org\/wp-content\/uploads\/2021\/07\/sioas_logos-300x37.jpg 300w, https:\/\/fundaciotallers.org\/wp-content\/uploads\/2021\/07\/sioas_logos-768x94.jpg 768w, https:\/\/fundaciotallers.org\/wp-content\/uploads\/2021\/07\/sioas_logos.jpg 1367w\" sizes=\"(max-width: 1024px) 100vw, 1024px\" \/><\/p>\n","protected":false},"excerpt":{"rendered":"<p>Des de l\u2019aparici\u00f3 de la Covid-19 al nostre pa\u00eds, s\u2019han posat de manifest tot tipus de q\u00fcestions relacionades amb la&hellip;<\/p>\n","protected":false},"author":2,"featured_media":7458,"comment_status":"open","ping_status":"open","sticky":false,"template":"","format":"standard","meta":{"footnotes":""},"categories":[1],"tags":[],"class_list":["post-7396","post","type-post","status-publish","format-standard","has-post-thumbnail","hentry","category-general"],"_links":{"self":[{"href":"https:\/\/fundaciotallers.org\/ca\/wp-json\/wp\/v2\/posts\/7396","targetHints":{"allow":["GET"]}}],"collection":[{"href":"https:\/\/fundaciotallers.org\/ca\/wp-json\/wp\/v2\/posts"}],"about":[{"href":"https:\/\/fundaciotallers.org\/ca\/wp-json\/wp\/v2\/types\/post"}],"author":[{"embeddable":true,"href":"https:\/\/fundaciotallers.org\/ca\/wp-json\/wp\/v2\/users\/2"}],"replies":[{"embeddable":true,"href":"https:\/\/fundaciotallers.org\/ca\/wp-json\/wp\/v2\/comments?post=7396"}],"version-history":[{"count":4,"href":"https:\/\/fundaciotallers.org\/ca\/wp-json\/wp\/v2\/posts\/7396\/revisions"}],"predecessor-version":[{"id":7460,"href":"https:\/\/fundaciotallers.org\/ca\/wp-json\/wp\/v2\/posts\/7396\/revisions\/7460"}],"wp:featuredmedia":[{"embeddable":true,"href":"https:\/\/fundaciotallers.org\/ca\/wp-json\/wp\/v2\/media\/7458"}],"wp:attachment":[{"href":"https:\/\/fundaciotallers.org\/ca\/wp-json\/wp\/v2\/media?parent=7396"}],"wp:term":[{"taxonomy":"category","embeddable":true,"href":"https:\/\/fundaciotallers.org\/ca\/wp-json\/wp\/v2\/categories?post=7396"},{"taxonomy":"post_tag","embeddable":true,"href":"https:\/\/fundaciotallers.org\/ca\/wp-json\/wp\/v2\/tags?post=7396"}],"curies":[{"name":"wp","href":"https:\/\/api.w.org\/{rel}","templated":true}]}}