{"id":7361,"date":"2021-07-28T11:20:30","date_gmt":"2021-07-28T11:20:30","guid":{"rendered":"https:\/\/fundaciotallers.org\/?p=7361"},"modified":"2021-08-19T07:33:06","modified_gmt":"2021-08-19T07:33:06","slug":"calendari-digualtat-agost","status":"publish","type":"post","link":"https:\/\/fundaciotallers.org\/ca\/2021\/07\/28\/calendari-digualtat-agost\/","title":{"rendered":"Calendari d&#8217;igualtat. Agost"},"content":{"rendered":"<p><strong>Gloria Fuertes<\/strong>, un dels referents literaris espanyols \u00e9s la protagonista del mes d\u2019agost del nostre <a href=\"https:\/\/fundaciotallers.org\/ca\/2021\/01\/20\/calendari-digualtat-gener\/\" target=\"_blank\" rel=\"noopener\">calendari d\u2019igualtat<\/a>.<\/p>\n<p>Segurament recordada per moltes persones per la seva aparici\u00f3 al programa \u201c<strong>Un globo, dos globos, tres globos<\/strong>\u201d dels anys 70, Fuertes va tenir una traject\u00f2ria dedicada a la <strong>literatura infantil<\/strong> per\u00f2 tamb\u00e9 va fer versos dedicats al <strong>p\u00fablic adult<\/strong>.<\/p>\n<p>La seva vida va estar lligada al m\u00f3n del llibre des de molt petita. Nascuda el 1917, va<strong> aprendre a llegir i escriure als 3 anys<\/strong> i als 5 escrivia els seus propis llibres que ella mateixa enquadernava cosint-los.<br \/>\nLa seva fam\u00edlia volia fer d\u2019ella una dona casada, dedicada a la casa, als fills i a bordar. Gloria per\u00f2, anava per un altre cam\u00ed, i \u00e9s que <strong>volia ser poeta i a m\u00e9s era lesbiana, amb tot el que comportava aquest fet en els anys de la dictadura franquista<\/strong>.<br \/>\nLa seva <strong>necessitat de llibertat la porta a estudiar biblioteconomia<\/strong>, com ella mateixa deia: \u201c<strong>Dios me hizo poeta y yo me hice bibliotecaria. Mi jefe era el libro, \u00a1yo era libre!<\/strong>\u201d<br \/>\nGr\u00e0cies a una beca, va poder dedicar-se al 100% a la literatura, escrivint poemes i contes.<\/p>\n<p>Fuertes per\u00f2, <strong>va morir sense tenir el reconeixement<\/strong> de la majoria dels companys poetes (homes) de la seva generaci\u00f3. La popularitat televisiva i la dedicaci\u00f3 a la literatura infantil, sumat a la seva personalitat inclassificable amb <strong>idees feministes, pacifistes, taurines i cat\u00f2liques<\/strong>, van ocultar la seva obra per al p\u00fablic adult.<\/p>\n<p>La traject\u00f2ria de <strong>Gloria Fuertes<\/strong> est\u00e0 marcada per trencar idees preconcebudes des d\u2019un inici. <strong>Vestia amb pantalons i corbata, conduia una moto vespa<\/strong>, i es dedicava a escriure literatura infantil i juvenil de gran qualitat. Era una de les cares conegudes m\u00e9s estimades pels nens i nenes de diverses generacions.<br \/>\nGr\u00e0cies al cam\u00ed fet per dones com ella, ens ha ajudat a arribar fins on som ara, tot i que encara <strong>queda molta feina per assolir la igualtat efectiva i real en tots els \u00e0mbits: efectiu, professional i social<\/strong>.<br \/>\nSi vols con\u00e8ixer m\u00e9s detalls sobre Gloria Fuertes, et recomanem que demanis a la teva biblioteca <a href=\"http:\/\/aladi.diba.cat\/record=b1849934~S171*cat\" target=\"_blank\" rel=\"noopener\">aquest llibre<\/a> publicat fa pocs anys que repassa la seva vida i recull els seus poemes o<a href=\"http:\/\/aladi.diba.cat\/record=b1099376~S171*cat\" target=\"_blank\" rel=\"noopener\"> aquest altre<\/a>.<br \/>\nTamb\u00e9 pots veure Gloria Fuertes en acci\u00f3 en v\u00eddeos com <a href=\"https:\/\/www.youtube.com\/watch?v=8FhHtgfdPNs\" target=\"_blank\" rel=\"noopener\">aquest<\/a>.<\/p>\n<p>??Fes clic <a href=\"https:\/\/fundaciotallers.org\/wp-content\/uploads\/2021\/07\/agost.jpg\" target=\"_blank\" rel=\"noopener\">aqu\u00ed<\/a> per descarregar-te el calendari d\u2019igualtat del mes d\u2019agost!??<\/p>\n","protected":false},"excerpt":{"rendered":"<p>Gloria Fuertes, un dels referents literaris espanyols \u00e9s la protagonista del mes d\u2019agost del nostre calendari d\u2019igualtat. Segurament recordada per&hellip;<\/p>\n","protected":false},"author":2,"featured_media":7462,"comment_status":"open","ping_status":"open","sticky":false,"template":"","format":"standard","meta":{"footnotes":""},"categories":[17,1],"tags":[],"class_list":["post-7361","post","type-post","status-publish","format-standard","has-post-thumbnail","hentry","category-amb-i-per-les-persones","category-general"],"_links":{"self":[{"href":"https:\/\/fundaciotallers.org\/ca\/wp-json\/wp\/v2\/posts\/7361","targetHints":{"allow":["GET"]}}],"collection":[{"href":"https:\/\/fundaciotallers.org\/ca\/wp-json\/wp\/v2\/posts"}],"about":[{"href":"https:\/\/fundaciotallers.org\/ca\/wp-json\/wp\/v2\/types\/post"}],"author":[{"embeddable":true,"href":"https:\/\/fundaciotallers.org\/ca\/wp-json\/wp\/v2\/users\/2"}],"replies":[{"embeddable":true,"href":"https:\/\/fundaciotallers.org\/ca\/wp-json\/wp\/v2\/comments?post=7361"}],"version-history":[{"count":3,"href":"https:\/\/fundaciotallers.org\/ca\/wp-json\/wp\/v2\/posts\/7361\/revisions"}],"predecessor-version":[{"id":7391,"href":"https:\/\/fundaciotallers.org\/ca\/wp-json\/wp\/v2\/posts\/7361\/revisions\/7391"}],"wp:featuredmedia":[{"embeddable":true,"href":"https:\/\/fundaciotallers.org\/ca\/wp-json\/wp\/v2\/media\/7462"}],"wp:attachment":[{"href":"https:\/\/fundaciotallers.org\/ca\/wp-json\/wp\/v2\/media?parent=7361"}],"wp:term":[{"taxonomy":"category","embeddable":true,"href":"https:\/\/fundaciotallers.org\/ca\/wp-json\/wp\/v2\/categories?post=7361"},{"taxonomy":"post_tag","embeddable":true,"href":"https:\/\/fundaciotallers.org\/ca\/wp-json\/wp\/v2\/tags?post=7361"}],"curies":[{"name":"wp","href":"https:\/\/api.w.org\/{rel}","templated":true}]}}