{"id":5284,"date":"2021-07-01T08:56:41","date_gmt":"2021-07-01T08:56:41","guid":{"rendered":"https:\/\/fundaciotallers.org\/?p=5284"},"modified":"2025-11-21T01:21:45","modified_gmt":"2025-11-21T00:21:45","slug":"5284","status":"publish","type":"post","link":"https:\/\/fundaciotallers.org\/ca\/2021\/07\/01\/5284\/","title":{"rendered":"Comunicat Institucional"},"content":{"rendered":"<div class=\"page\" title=\"Page 1\">\n<div class=\"layoutArea\">\n<div class=\"column\">\n<p>Benvolgudes, benvolguts,<\/p>\n<p>Els <strong>patronats de la Fundaci\u00f3 Tallers i de Pere Claver Grup<\/strong>, despr\u00e9s de m\u00e9s d\u2019un any de contactes i de converses, hem arribat a una entesa s\u00f2lida per tal que les nostres organitzacions esdevinguin finalment un \u00fanic grup.<\/p>\n<p>Fruit d\u2019aquesta voluntat, tenim la satisfacci\u00f3 de poder comunicar-vos que en data 14 de maig hem signat l\u2019acord que oficialitza aquest proc\u00e9s. La signatura del present acord representa el punt de partida d\u2019aquesta conflu\u00e8ncia, fent efectiva aquesta nova realitat mitjan\u00e7ant una taula \u00fanica de patrons.<\/p>\n<p>Aquesta ha estat una <strong>decisi\u00f3 volunt\u00e0ria i conjunta<\/strong>, basada en la m\u00fatua confian\u00e7a i generada des de l\u2019oportunitat, lluny de necessitats ni d\u2019urg\u00e8ncies.<\/p>\n<p><strong>Compartim valors i visi\u00f3<\/strong>, posant en el centre les persones en situaci\u00f3 de vulnerabilitat, la nostra ra\u00f3 de ser. Som dues entitats amb llargues i prestigiades traject\u00f2ries, profundament <strong>compromeses<\/strong> amb els col\u00b7lectius als quals priorit\u00e0riament ens adrecem: <strong>les persones amb problemes de salut mental i les persones amb discapacitat intel\u00b7lectual.<\/strong><\/p>\n<p>Amb aquesta conflu\u00e8ncia aconseguim <strong>generar suports i oportunitats<\/strong> per a les persones usu\u00e0ries en tots els aspectes de la seva vida: <strong>drets, salut, habitatge, treball i vincles amb la comunitat<\/strong>.<\/p>\n<p>La intenci\u00f3 que ens ha mogut des d\u2019un bon comen\u00e7ament no ha estat esdevenir m\u00e9s grans sin\u00f3 <strong>esdevenir millors<\/strong>: un pas cap al futur que <strong>eixampli les possibilitats i que aporti valor<\/strong> a les persones usu\u00e0ries, a les seves fam\u00edlies, als equips professionals, als nostres clients i col\u00b7laboradors\/es, i a les administracions p\u00fabliques. En definitiva, a la ciutadania en el seu conjunt.<\/p>\n<p>Estem plenament orgullosos del cam\u00ed que ambdues institucions hem fet fins avui gr\u00e0cies a la<strong> il\u00b7lusi\u00f3, a la confian\u00e7a, al treball i a la dedicaci\u00f3 de tantes i tantes persones<\/strong> durant la seva hist\u00f2ria. A totes elles volem retre un profund agra\u00efment i reconeixement.<\/p>\n<p>Signem aquest acord amb la mateixa il\u00b7lusi\u00f3 i amb la mateixa confian\u00e7a, amb la voluntat de continuar escrivint i eixamplant la nostra hist\u00f2ria.<\/p>\n<\/div>\n<div style=\"float: left; width: 45%;\"><strong>Sr. Pere Benito Ruiz<\/strong><br \/>\nGrup Sant Pere Claver<br \/>\nPresident<\/div>\n<div style=\"float: right; width: 45%;\"><strong>Sr. Roque Pascual<\/strong><br \/>\nFundaci\u00f3 Tallers de Catalunya<br \/>\nPresident<\/div>\n<div style=\"clear: both;\"><\/div>\n<div class=\"page\" title=\"Page 1\">\n<div class=\"layoutArea\">\n<div class=\"column\"><\/div>\n<\/div>\n<\/div>\n<\/div>\n<\/div>\n","protected":false},"excerpt":{"rendered":"<p>Benvolgudes, benvolguts, Els patronats de la Fundaci\u00f3 Tallers i de Pere Claver Grup, despr\u00e9s de m\u00e9s d\u2019un any de contactes&hellip;<\/p>\n","protected":false},"author":2,"featured_media":7478,"comment_status":"open","ping_status":"open","sticky":false,"template":"","format":"standard","meta":{"footnotes":""},"categories":[1],"tags":[],"class_list":["post-5284","post","type-post","status-publish","format-standard","has-post-thumbnail","hentry","category-general"],"_links":{"self":[{"href":"https:\/\/fundaciotallers.org\/ca\/wp-json\/wp\/v2\/posts\/5284","targetHints":{"allow":["GET"]}}],"collection":[{"href":"https:\/\/fundaciotallers.org\/ca\/wp-json\/wp\/v2\/posts"}],"about":[{"href":"https:\/\/fundaciotallers.org\/ca\/wp-json\/wp\/v2\/types\/post"}],"author":[{"embeddable":true,"href":"https:\/\/fundaciotallers.org\/ca\/wp-json\/wp\/v2\/users\/2"}],"replies":[{"embeddable":true,"href":"https:\/\/fundaciotallers.org\/ca\/wp-json\/wp\/v2\/comments?post=5284"}],"version-history":[{"count":10,"href":"https:\/\/fundaciotallers.org\/ca\/wp-json\/wp\/v2\/posts\/5284\/revisions"}],"predecessor-version":[{"id":41632,"href":"https:\/\/fundaciotallers.org\/ca\/wp-json\/wp\/v2\/posts\/5284\/revisions\/41632"}],"wp:featuredmedia":[{"embeddable":true,"href":"https:\/\/fundaciotallers.org\/ca\/wp-json\/wp\/v2\/media\/7478"}],"wp:attachment":[{"href":"https:\/\/fundaciotallers.org\/ca\/wp-json\/wp\/v2\/media?parent=5284"}],"wp:term":[{"taxonomy":"category","embeddable":true,"href":"https:\/\/fundaciotallers.org\/ca\/wp-json\/wp\/v2\/categories?post=5284"},{"taxonomy":"post_tag","embeddable":true,"href":"https:\/\/fundaciotallers.org\/ca\/wp-json\/wp\/v2\/tags?post=5284"}],"curies":[{"name":"wp","href":"https:\/\/api.w.org\/{rel}","templated":true}]}}