{"id":4846,"date":"2021-04-26T11:51:57","date_gmt":"2021-04-26T11:51:57","guid":{"rendered":"https:\/\/fundaciotallers.org\/?p=4846"},"modified":"2021-05-05T09:54:12","modified_gmt":"2021-05-05T09:54:12","slug":"repte-solidari-teixint-vincles","status":"publish","type":"post","link":"https:\/\/fundaciotallers.org\/ca\/2021\/04\/26\/repte-solidari-teixint-vincles\/","title":{"rendered":"Repte Solidari: Teixint Vincles"},"content":{"rendered":"<p>[vc_row][vc_column][vc_column_text]<\/p>\n<p>Voluntarios Telef\u00f3nica col\u00b7labora amb el nostre projecte <a href=\"https:\/\/fundaciotallers.org\/es\/2021\/04\/14\/teixint-vincles\/\" target=\"_blank\" rel=\"noopener\">&#8220;Teixint V\u00edncles\u201d<\/a> a trav\u00e9s del seu programa AutoReto.<\/p>\n<p>Auto Reto \u00e9s una proposta innovadora que ens convida a fer quil\u00f2metres que es convertiran en donacions al projecte &#8220;Teixint Vincles&#8221;. Tal com descriuren a la seva p\u00e0gina:<\/p>\n<blockquote><p><em>&#8220;Des del Programa Voluntarios Telef\u00f3nica, llancem reptes solidaris tant a persones que treballen a Telef\u00f3nica com a qualsevol persona interessada en canviar el m\u00f3n.<\/em><\/p>\n<p><em>Col\u00b7labora amb nosaltres en aquesta plataforma solid\u00e0ria i esportiva per recolzar iniciatives socials i donar visibilitat a col\u00b7lectius vulnerables.&#8221;<\/em><\/p>\n<p>&nbsp;<\/p><\/blockquote>\n<p><img decoding=\"async\" class=\"alignleft wp-image-4756 size-full\" src=\"https:\/\/fundaciotallers.org\/wp-content\/uploads\/2021\/04\/SportsNet.png\" alt=\"\" width=\"148\" height=\"207\" \/>Per a participar-hi, nom\u00e9s ens hem d\u2019instal\u00b7lar l\u2019app \u201cSportsNet\u201d al nostre m\u00f2bil, registrar-nos a <a href=\"https:\/\/retosvoluntariostelefonica.saludydesafio.com\/\" target=\"_blank\" rel=\"noopener\">Retos Voluntarios<\/a> (nom\u00e9s necessitem un correu electr\u00f2nic)<span class=\"Apple-converted-space\">\u00a0 <\/span>i sumar-nos al projecte \u201cTeixint V\u00edncles\u201d.<\/p>\n<p>Des del moment en que fem la inscripci\u00f3, tots els kil\u00f2metres que recorrem (a peu o en bici), se sumaran al repte fins aconseguir els 4.000km que necessitem entre totes les persones participants!<\/p>\n<p>&nbsp;<\/p>\n<p>&nbsp;<\/p>\n<p><img decoding=\"async\" class=\"alignleft size-thumbnail wp-image-4773\" src=\"https:\/\/fundaciotallers.org\/wp-content\/uploads\/2021\/04\/azul-500x500-1-150x150.png\" alt=\"\" width=\"150\" height=\"150\" srcset=\"https:\/\/fundaciotallers.org\/wp-content\/uploads\/2021\/04\/azul-500x500-1-150x150.png 150w, https:\/\/fundaciotallers.org\/wp-content\/uploads\/2021\/04\/azul-500x500-1-300x300.png 300w, https:\/\/fundaciotallers.org\/wp-content\/uploads\/2021\/04\/azul-500x500-1.png 500w\" sizes=\"(max-width: 150px) 100vw, 150px\" \/><img decoding=\"async\" class=\"alignleft wp-image-4782 size-thumbnail\" src=\"https:\/\/fundaciotallers.org\/wp-content\/uploads\/2021\/04\/6.2-Estoig-endorphins.-Empremta-Carlos-150x150.png\" alt=\"\" width=\"150\" height=\"150\" \/><\/p>\n<p>A m\u00e9s, l\u2019aplicaci\u00f3 mant\u00e9 un r\u00e0nquing entre tothom qui hi participa i les tres primeres posicions rebran un regal de producte <a href=\"http:\/\/liberandofelicidad.org\" target=\"_blank\" rel=\"noopener\"> Endorphins<\/a>\u00a0un projecte bijuteria artesanal de la Fundaci\u00f3 Tallers on les persones amb discapacitat intel\u00b7lectual amb especial necessitat de suport s\u00f3n les responsables de tot el proc\u00e9s: des del disseny i realitzaci\u00f3 de les peces fins a la venda.<\/p>\n<p>(Per con\u00e8ixer amb m\u00e9s detall com instal\u00b7lar l\u2019app i comen\u00e7ar a rec\u00f3rrer quil\u00f2metres per a Teixint V\u00edncles, <a href=\"https:\/\/fundaciotallers.org\/wp-content\/uploads\/2021\/05\/Manual.pdf\" target=\"_blank\" rel=\"noopener\">fes clic aqu\u00ed <\/a>o mira <a href=\"https:\/\/www.youtube.com\/watch?v=Gz473Brv5V8\" target=\"_blank\" rel=\"noopener\">aquest v\u00eddeo<\/a>)<\/p>\n<p>&nbsp;<\/p>\n<p><img loading=\"lazy\" decoding=\"async\" class=\"alignleft wp-image-4785 size-medium\" src=\"https:\/\/fundaciotallers.org\/wp-content\/uploads\/2021\/04\/logo-worldcoo-1024x448-1-300x131.jpg\" alt=\"\" width=\"300\" height=\"131\" srcset=\"https:\/\/fundaciotallers.org\/wp-content\/uploads\/2021\/04\/logo-worldcoo-1024x448-1-300x131.jpg 300w, https:\/\/fundaciotallers.org\/wp-content\/uploads\/2021\/04\/logo-worldcoo-1024x448-1-768x336.jpg 768w, https:\/\/fundaciotallers.org\/wp-content\/uploads\/2021\/04\/logo-worldcoo-1024x448-1.jpg 1024w\" sizes=\"(max-width: 300px) 100vw, 300px\" \/>Una altra forma de col\u00b7laborar amb \u201cTeixint Vincles\u201d \u00e9s a trav\u00e9s del donatiu directe a la p\u00e0gina <a href=\"https:\/\/telefonica.worldcoo.com\/e7c9400d-9142-4d7b-8fd2-7a8ed06e1aad\" target=\"_blank\" rel=\"noopener\">WorldCoo<\/a><span class=\"Apple-converted-space\">\u00a0<\/span>on es poden fer les aportacions econ\u00f2miques que aniran destinades \u00edntegrament a finan\u00e7ar el projecte \u201cTeixint Vincles\u201d.<\/p>\n<p>[\/vc_column_text][\/vc_column][\/vc_row]<\/p>\n<p><span style=\"font-weight: 400;\">Et convidem a que formis part de l\u2019impuls que connecta persones, que aporta benestar, que genera complicitats, per a saber, compartir i con\u00e8ixer a trav\u00e9s del Reto Solidario de Voluntarios de la Fundaci\u00f3n Telef\u00f3nica.\u00a0<\/span><strong>Forma part de l\u2019impuls cap a una societat m\u00e9s humana, amable i inclusiva!<\/strong><\/p>\n<p>&nbsp;<\/p>\n","protected":false},"excerpt":{"rendered":"<p>[vc_row][vc_column][vc_column_text] Voluntarios Telef\u00f3nica col\u00b7labora amb el nostre projecte &#8220;Teixint V\u00edncles\u201d a trav\u00e9s del seu programa AutoReto. Auto Reto \u00e9s una&hellip;<\/p>\n","protected":false},"author":2,"featured_media":4789,"comment_status":"open","ping_status":"open","sticky":false,"template":"","format":"standard","meta":{"footnotes":""},"categories":[17],"tags":[],"class_list":["post-4846","post","type-post","status-publish","format-standard","has-post-thumbnail","hentry","category-amb-i-per-les-persones"],"_links":{"self":[{"href":"https:\/\/fundaciotallers.org\/ca\/wp-json\/wp\/v2\/posts\/4846","targetHints":{"allow":["GET"]}}],"collection":[{"href":"https:\/\/fundaciotallers.org\/ca\/wp-json\/wp\/v2\/posts"}],"about":[{"href":"https:\/\/fundaciotallers.org\/ca\/wp-json\/wp\/v2\/types\/post"}],"author":[{"embeddable":true,"href":"https:\/\/fundaciotallers.org\/ca\/wp-json\/wp\/v2\/users\/2"}],"replies":[{"embeddable":true,"href":"https:\/\/fundaciotallers.org\/ca\/wp-json\/wp\/v2\/comments?post=4846"}],"version-history":[{"count":7,"href":"https:\/\/fundaciotallers.org\/ca\/wp-json\/wp\/v2\/posts\/4846\/revisions"}],"predecessor-version":[{"id":4941,"href":"https:\/\/fundaciotallers.org\/ca\/wp-json\/wp\/v2\/posts\/4846\/revisions\/4941"}],"wp:featuredmedia":[{"embeddable":true,"href":"https:\/\/fundaciotallers.org\/ca\/wp-json\/wp\/v2\/media\/4789"}],"wp:attachment":[{"href":"https:\/\/fundaciotallers.org\/ca\/wp-json\/wp\/v2\/media?parent=4846"}],"wp:term":[{"taxonomy":"category","embeddable":true,"href":"https:\/\/fundaciotallers.org\/ca\/wp-json\/wp\/v2\/categories?post=4846"},{"taxonomy":"post_tag","embeddable":true,"href":"https:\/\/fundaciotallers.org\/ca\/wp-json\/wp\/v2\/tags?post=4846"}],"curies":[{"name":"wp","href":"https:\/\/api.w.org\/{rel}","templated":true}]}}