{"id":4545,"date":"2021-04-13T07:28:38","date_gmt":"2021-04-13T07:28:38","guid":{"rendered":"https:\/\/fundaciotallers.org\/?p=4545"},"modified":"2021-04-13T07:33:09","modified_gmt":"2021-04-13T07:33:09","slug":"calendari-digualtat-abril","status":"publish","type":"post","link":"https:\/\/fundaciotallers.org\/ca\/2021\/04\/13\/calendari-digualtat-abril\/","title":{"rendered":"Calendari d&#8217;igualtat. Abril"},"content":{"rendered":"<p><span style=\"font-weight: 400;\">Arribem a l\u2019abril amb una <strong>nova p\u00e0gina del Calendari d\u2019Igualtat<\/strong>.<\/span><\/p>\n<p><span style=\"font-weight: 400;\">Aquest mes ens centrem en la figura de <strong>Rosa Parks<\/strong>, una <strong>dona, negra i treballadora<\/strong> que als 42 anys va protagonitzar un acte que va ser l\u2019<strong>inici de reivindicacions en contra de la segregaci\u00f3 de persones<\/strong> per ser negres o blanques.<\/span><\/p>\n<p><span style=\"font-weight: 400;\">En aquella \u00e8poca, als Estats Units, existien lleis inspirades en l\u2019esclavisme del segle XIX, creades expressament per a que les persones afroamericanes <strong>es consideressin inferiors<\/strong> i es mantinguessin en una situaci\u00f3 de marginaci\u00f3 social.<\/span><\/p>\n<p><span style=\"font-weight: 400;\">Per exemple, persones negres i les blanques <strong>no podien compartir<\/strong> espais quotidians com els <strong>banys p\u00fablics, parcs o restaurants<\/strong>.\u00a0 Hi havia cartells en botigues on hi figurava un \u201cNegres no\u201d i fins i tot les persones negres <strong>no podien seure als seients del davant del bus<\/strong>, que estaven reservats per a persones blanques.<\/span><\/p>\n<p><span style=\"font-weight: 400;\">I \u00e9s justament en un seient de bus on va tenir lloc el fet que va protagonitzar <strong>Rosa Parks<\/strong>.<\/span><\/p>\n<p><span style=\"font-weight: 400;\">Despr\u00e9s de sortir de la feina de cosidora, cada dia agafava el bus per <strong>tornar a casa<\/strong>. En aquest <strong>transport p\u00fablic<\/strong>, les <strong>persones blanques viatjaven a la part de davant i les negres al darrera<\/strong>, de manera que Rosa <strong>pujava al bus, pagava al conductor, baixava i tornava a pujar per la porta del darrera<\/strong>.<\/span><\/p>\n<p><span style=\"font-weight: 400;\">L\u20191 de desembre de 1955, ella va seure just a la l\u00ednia del mig, \u00e9s a dir, en <strong>uns seients que podien ocupar les persones negres si no n\u2019hi havia cap de blanca que els requer\u00eds<\/strong>. Aquell dia, van pujar moltes persones blanques, i el conductor va exigir a les persones negres assegudes que <strong>s\u2019aixequ\u00e9ssin per cedir el seient a les blanques. Rosa Parks s\u2019hi va negar<\/strong>.\u00a0<\/span><\/p>\n<p><span style=\"font-weight: 400;\">El conductor va intentar dissuadir-la i la va amena\u00e7ar en denunciar-la. I aix\u00ed va ser. <strong>Rosa Parks va passar la nit al calab\u00f3s acusada<\/strong> de perturbar l\u2019ordre p\u00fablic. Va ser jutjada i condemnada a una multa de 14 d\u00f2lars.<\/span><\/p>\n<p><span style=\"font-weight: 400;\">Aquest fet de valentia i coratge va ser el el motiu de l<strong>\u2019inici de reivindicacions de drets per a les persones afroamericanes<\/strong> i de manera local, d\u2019un b<strong>oicot als autobusos<\/strong> que va durar m\u00e9s de 13 mesos. A m\u00e9s, va significar les <strong>primeres accions de la lluita antiracista<\/strong>, discriminaci\u00f3 per \u00e8tnies i segregaci\u00f3 de <strong>Martin Luther King<\/strong>.<\/span><\/p>\n<p><span style=\"font-weight: 400;\">Si vols saber-ne m\u00e9s sobre <strong>Rosa Parks, pots buscar informaci\u00f3 a la xarxa<\/strong>. Nosaltres hem trobat <a href=\"https:\/\/historia.nationalgeographic.com.es\/a\/rosa-parks-mujer-negra-que-no-cedio-su-asiento-a-blanco-autobus_9945\/7\" target=\"_blank\" rel=\"noopener\">aquest article<\/a><\/span><\/p>\n<p><span style=\"font-weight: 400;\">Tamb\u00e9 pots demanar a la biblioteca o a la llibreria de proximitat <a href=\"https:\/\/www.plataformaeditorial.com\/libro\/8336-rosa-parks-mi-historia\" target=\"_blank\" rel=\"noopener\">aquest llibre<\/a>\u00a0o <a href=\"https:\/\/www.vicensvives.com\/vvweb\/view\/pages\/p01\/load.php?id=234&amp;codvv=111473\" target=\"_blank\" rel=\"noopener\">aquest altre<\/a><\/span><\/p>\n<p>&nbsp;<\/p>\n<p><span style=\"font-weight: 400;\">??<strong>Fes clic <a href=\"https:\/\/fundaciotallers.org\/wp-content\/uploads\/2021\/04\/abril_rosaparks-copia.jpg\" target=\"_blank\" rel=\"noopener\">aqu\u00ed<\/a> per descarregar-te el calendari d\u2019Igualtat d\u2019aquest abril<\/strong><\/span><span style=\"font-weight: 400;\">??<\/span><\/p>\n<p>&nbsp;<\/p>\n","protected":false},"excerpt":{"rendered":"<p>Arribem a l\u2019abril amb una nova p\u00e0gina del Calendari d\u2019Igualtat. Aquest mes ens centrem en la figura de Rosa Parks,&hellip;<\/p>\n","protected":false},"author":2,"featured_media":4546,"comment_status":"open","ping_status":"open","sticky":false,"template":"","format":"standard","meta":{"footnotes":""},"categories":[17],"tags":[],"class_list":["post-4545","post","type-post","status-publish","format-standard","has-post-thumbnail","hentry","category-amb-i-per-les-persones"],"_links":{"self":[{"href":"https:\/\/fundaciotallers.org\/ca\/wp-json\/wp\/v2\/posts\/4545","targetHints":{"allow":["GET"]}}],"collection":[{"href":"https:\/\/fundaciotallers.org\/ca\/wp-json\/wp\/v2\/posts"}],"about":[{"href":"https:\/\/fundaciotallers.org\/ca\/wp-json\/wp\/v2\/types\/post"}],"author":[{"embeddable":true,"href":"https:\/\/fundaciotallers.org\/ca\/wp-json\/wp\/v2\/users\/2"}],"replies":[{"embeddable":true,"href":"https:\/\/fundaciotallers.org\/ca\/wp-json\/wp\/v2\/comments?post=4545"}],"version-history":[{"count":2,"href":"https:\/\/fundaciotallers.org\/ca\/wp-json\/wp\/v2\/posts\/4545\/revisions"}],"predecessor-version":[{"id":4552,"href":"https:\/\/fundaciotallers.org\/ca\/wp-json\/wp\/v2\/posts\/4545\/revisions\/4552"}],"wp:featuredmedia":[{"embeddable":true,"href":"https:\/\/fundaciotallers.org\/ca\/wp-json\/wp\/v2\/media\/4546"}],"wp:attachment":[{"href":"https:\/\/fundaciotallers.org\/ca\/wp-json\/wp\/v2\/media?parent=4545"}],"wp:term":[{"taxonomy":"category","embeddable":true,"href":"https:\/\/fundaciotallers.org\/ca\/wp-json\/wp\/v2\/categories?post=4545"},{"taxonomy":"post_tag","embeddable":true,"href":"https:\/\/fundaciotallers.org\/ca\/wp-json\/wp\/v2\/tags?post=4545"}],"curies":[{"name":"wp","href":"https:\/\/api.w.org\/{rel}","templated":true}]}}