{"id":4448,"date":"2021-03-29T08:23:32","date_gmt":"2021-03-29T08:23:32","guid":{"rendered":"https:\/\/fundaciotallers.org\/?p=4448"},"modified":"2021-03-29T08:28:17","modified_gmt":"2021-03-29T08:28:17","slug":"gracies-a-lequip-professional","status":"publish","type":"post","link":"https:\/\/fundaciotallers.org\/ca\/2021\/03\/29\/gracies-a-lequip-professional\/","title":{"rendered":"Gr\u00e0cies a l&#8217;equip professional"},"content":{"rendered":"<p>A la Fundaci\u00f3 Tallers sentim un gran orgull de la tasca i implicaci\u00f3 de l\u2019equip professional, per\u00f2 aquest any us volem agrair tota la vostra feina amb m\u00e9s intensitat que mai.<\/p>\n<p>Compartim un <a href=\"https:\/\/www.youtube.com\/watch?v=z1cY-uQ7-fw\">v\u00eddeo<\/a> ben especial projectat durant l\u2019Assemblea de Professionals, que aquesta vegada ha estat especialment emotiva.<\/p>\n<p>&nbsp;<\/p>\n<p><a href=\"https:\/\/www.youtube.com\/watch?v=z1cY-uQ7-fw\" target=\"_blank\" rel=\"noopener\"><img fetchpriority=\"high\" decoding=\"async\" class=\"alignleft wp-image-4449 size-large\" src=\"https:\/\/fundaciotallers.org\/wp-content\/uploads\/2021\/03\/instagram-1024x1024.jpg\" alt=\"\" width=\"1024\" height=\"1024\" srcset=\"https:\/\/fundaciotallers.org\/wp-content\/uploads\/2021\/03\/instagram-1024x1024.jpg 1024w, https:\/\/fundaciotallers.org\/wp-content\/uploads\/2021\/03\/instagram-300x300.jpg 300w, https:\/\/fundaciotallers.org\/wp-content\/uploads\/2021\/03\/instagram-150x150.jpg 150w, https:\/\/fundaciotallers.org\/wp-content\/uploads\/2021\/03\/instagram-768x768.jpg 768w, https:\/\/fundaciotallers.org\/wp-content\/uploads\/2021\/03\/instagram.jpg 1080w\" sizes=\"(max-width: 1024px) 100vw, 1024px\" \/><\/a><\/p>\n","protected":false},"excerpt":{"rendered":"<p>A la Fundaci\u00f3 Tallers sentim un gran orgull de la tasca i implicaci\u00f3 de l\u2019equip professional, per\u00f2 aquest any us&hellip;<\/p>\n","protected":false},"author":2,"featured_media":4453,"comment_status":"open","ping_status":"open","sticky":false,"template":"","format":"standard","meta":{"footnotes":""},"categories":[12,1],"tags":[],"class_list":["post-4448","post","type-post","status-publish","format-standard","has-post-thumbnail","hentry","category-fundacio-tallers","category-general"],"_links":{"self":[{"href":"https:\/\/fundaciotallers.org\/ca\/wp-json\/wp\/v2\/posts\/4448","targetHints":{"allow":["GET"]}}],"collection":[{"href":"https:\/\/fundaciotallers.org\/ca\/wp-json\/wp\/v2\/posts"}],"about":[{"href":"https:\/\/fundaciotallers.org\/ca\/wp-json\/wp\/v2\/types\/post"}],"author":[{"embeddable":true,"href":"https:\/\/fundaciotallers.org\/ca\/wp-json\/wp\/v2\/users\/2"}],"replies":[{"embeddable":true,"href":"https:\/\/fundaciotallers.org\/ca\/wp-json\/wp\/v2\/comments?post=4448"}],"version-history":[{"count":2,"href":"https:\/\/fundaciotallers.org\/ca\/wp-json\/wp\/v2\/posts\/4448\/revisions"}],"predecessor-version":[{"id":4455,"href":"https:\/\/fundaciotallers.org\/ca\/wp-json\/wp\/v2\/posts\/4448\/revisions\/4455"}],"wp:featuredmedia":[{"embeddable":true,"href":"https:\/\/fundaciotallers.org\/ca\/wp-json\/wp\/v2\/media\/4453"}],"wp:attachment":[{"href":"https:\/\/fundaciotallers.org\/ca\/wp-json\/wp\/v2\/media?parent=4448"}],"wp:term":[{"taxonomy":"category","embeddable":true,"href":"https:\/\/fundaciotallers.org\/ca\/wp-json\/wp\/v2\/categories?post=4448"},{"taxonomy":"post_tag","embeddable":true,"href":"https:\/\/fundaciotallers.org\/ca\/wp-json\/wp\/v2\/tags?post=4448"}],"curies":[{"name":"wp","href":"https:\/\/api.w.org\/{rel}","templated":true}]}}