{"id":3968,"date":"2021-02-04T10:42:26","date_gmt":"2021-02-04T10:42:26","guid":{"rendered":"https:\/\/fundaciotallers.org\/?p=3968"},"modified":"2021-02-04T10:42:26","modified_gmt":"2021-02-04T10:42:26","slug":"construye-comunidad","status":"publish","type":"post","link":"https:\/\/fundaciotallers.org\/ca\/2021\/02\/04\/construye-comunidad\/","title":{"rendered":"Construye Comunidad"},"content":{"rendered":"<p><span style=\"font-weight: 400;\">A la Fundaci\u00f3 Tallers participem en un programa pilot liderat per <a href=\"https:\/\/www.plenainclusion.org\">Plena Inclusi\u00f3n<\/a> amb la finalitat de construir una <strong>nova comunitat<\/strong>.<\/span><\/p>\n<p><span style=\"font-weight: 400;\">El repte passa per <strong>generar solucions innovadores i comunit\u00e0ries a trav\u00e9s de connexions i activitats di\u00e0ries<\/strong>, amb la finalitat de que tothom gaudeixi del bon viure a la comunitat.<\/span><\/p>\n<p><span style=\"font-weight: 400;\">Per fer-ho possible, hem preparat <strong>un petit v\u00eddeo que explica el projecte a trav\u00e9s del tra\u00e7 de l\u2019Eloy<\/strong>, el nostre il\u00b7lustrador de refer\u00e8ncia que <strong>aporta el seu talent en aquesta iniciativa<\/strong>.<\/span><\/p>\n<div id=\"attachment_3969\" style=\"width: 310px\" class=\"wp-caption alignleft\"><a href=\"https:\/\/youtu.be\/-gcnoeHPR4Q\" target=\"_blank\" rel=\"noopener noreferrer\"><img fetchpriority=\"high\" decoding=\"async\" aria-describedby=\"caption-attachment-3969\" class=\"wp-image-3969 size-medium\" src=\"https:\/\/fundaciotallers.org\/wp-content\/uploads\/2021\/02\/construye_com_cast_player-300x188.jpg\" alt=\"Fes clic sobre la imatge per veure el v\u00eddeo en castell\u00e0\" width=\"300\" height=\"188\" srcset=\"https:\/\/fundaciotallers.org\/wp-content\/uploads\/2021\/02\/construye_com_cast_player-300x188.jpg 300w, https:\/\/fundaciotallers.org\/wp-content\/uploads\/2021\/02\/construye_com_cast_player-1024x640.jpg 1024w, https:\/\/fundaciotallers.org\/wp-content\/uploads\/2021\/02\/construye_com_cast_player-768x480.jpg 768w, https:\/\/fundaciotallers.org\/wp-content\/uploads\/2021\/02\/construye_com_cast_player-1536x960.jpg 1536w, https:\/\/fundaciotallers.org\/wp-content\/uploads\/2021\/02\/construye_com_cast_player-2048x1280.jpg 2048w\" sizes=\"(max-width: 300px) 100vw, 300px\" \/><\/a><p id=\"caption-attachment-3969\" class=\"wp-caption-text\"><strong>Fes clic sobre la imatge per veure el v\u00eddeo en castell\u00e0<\/strong><\/p><\/div>\n<div id=\"attachment_3971\" style=\"width: 310px\" class=\"wp-caption alignleft\"><a href=\"https:\/\/youtu.be\/ns2gH_4PUWE\" target=\"_blank\" rel=\"noopener noreferrer\"><img decoding=\"async\" aria-describedby=\"caption-attachment-3971\" class=\"wp-image-3971 size-medium\" src=\"https:\/\/fundaciotallers.org\/wp-content\/uploads\/2021\/02\/construye_com_cat_player-300x188.jpg\" alt=\"\" width=\"300\" height=\"188\" srcset=\"https:\/\/fundaciotallers.org\/wp-content\/uploads\/2021\/02\/construye_com_cat_player-300x188.jpg 300w, https:\/\/fundaciotallers.org\/wp-content\/uploads\/2021\/02\/construye_com_cat_player-1024x640.jpg 1024w, https:\/\/fundaciotallers.org\/wp-content\/uploads\/2021\/02\/construye_com_cat_player-768x480.jpg 768w, https:\/\/fundaciotallers.org\/wp-content\/uploads\/2021\/02\/construye_com_cat_player-1536x960.jpg 1536w, https:\/\/fundaciotallers.org\/wp-content\/uploads\/2021\/02\/construye_com_cat_player-2048x1280.jpg 2048w\" sizes=\"(max-width: 300px) 100vw, 300px\" \/><\/a><p id=\"caption-attachment-3971\" class=\"wp-caption-text\"><strong>Fes clic sobre la imatge per veure el v\u00eddeo en catal\u00e0<\/strong><\/p><\/div>\n<p>&nbsp;<\/p>\n","protected":false},"excerpt":{"rendered":"<p>A la Fundaci\u00f3 Tallers participem en un programa pilot liderat per Plena Inclusi\u00f3n amb la finalitat de construir una nova&hellip;<\/p>\n","protected":false},"author":2,"featured_media":3977,"comment_status":"open","ping_status":"open","sticky":false,"template":"","format":"standard","meta":{"footnotes":""},"categories":[31],"tags":[],"class_list":["post-3968","post","type-post","status-publish","format-standard","has-post-thumbnail","hentry","category-comunitat"],"_links":{"self":[{"href":"https:\/\/fundaciotallers.org\/ca\/wp-json\/wp\/v2\/posts\/3968","targetHints":{"allow":["GET"]}}],"collection":[{"href":"https:\/\/fundaciotallers.org\/ca\/wp-json\/wp\/v2\/posts"}],"about":[{"href":"https:\/\/fundaciotallers.org\/ca\/wp-json\/wp\/v2\/types\/post"}],"author":[{"embeddable":true,"href":"https:\/\/fundaciotallers.org\/ca\/wp-json\/wp\/v2\/users\/2"}],"replies":[{"embeddable":true,"href":"https:\/\/fundaciotallers.org\/ca\/wp-json\/wp\/v2\/comments?post=3968"}],"version-history":[{"count":4,"href":"https:\/\/fundaciotallers.org\/ca\/wp-json\/wp\/v2\/posts\/3968\/revisions"}],"predecessor-version":[{"id":3976,"href":"https:\/\/fundaciotallers.org\/ca\/wp-json\/wp\/v2\/posts\/3968\/revisions\/3976"}],"wp:featuredmedia":[{"embeddable":true,"href":"https:\/\/fundaciotallers.org\/ca\/wp-json\/wp\/v2\/media\/3977"}],"wp:attachment":[{"href":"https:\/\/fundaciotallers.org\/ca\/wp-json\/wp\/v2\/media?parent=3968"}],"wp:term":[{"taxonomy":"category","embeddable":true,"href":"https:\/\/fundaciotallers.org\/ca\/wp-json\/wp\/v2\/categories?post=3968"},{"taxonomy":"post_tag","embeddable":true,"href":"https:\/\/fundaciotallers.org\/ca\/wp-json\/wp\/v2\/tags?post=3968"}],"curies":[{"name":"wp","href":"https:\/\/api.w.org\/{rel}","templated":true}]}}