{"id":38949,"date":"2022-11-07T15:54:48","date_gmt":"2022-11-07T14:54:48","guid":{"rendered":"https:\/\/fundaciotallers.org\/?p=38949"},"modified":"2022-11-08T08:18:21","modified_gmt":"2022-11-08T07:18:21","slug":"celebrem-dia-del-voluntariat-santa-coloma-per-reconeixer-i-agrair-tasca-persones-voluntaries","status":"publish","type":"post","link":"https:\/\/fundaciotallers.org\/ca\/2022\/11\/07\/celebrem-dia-del-voluntariat-santa-coloma-per-reconeixer-i-agrair-tasca-persones-voluntaries\/","title":{"rendered":"Celebrem el Dia del Voluntariat a Santa Coloma per recon\u00e8ixer i agrair la tasca del nostre equip de m\u00e9s de 80 persones volunt\u00e0ries"},"content":{"rendered":"\t\t<div data-elementor-type=\"wp-post\" data-elementor-id=\"38949\" class=\"elementor elementor-38949\">\n\t\t\t\t\t\t<section class=\"elementor-section elementor-top-section elementor-element elementor-element-b5a0162 elementor-section-boxed elementor-section-height-default elementor-section-height-default\" data-id=\"b5a0162\" data-element_type=\"section\" data-e-type=\"section\">\n\t\t\t\t\t\t<div class=\"elementor-container elementor-column-gap-default\">\n\t\t\t\t\t<div class=\"elementor-column elementor-col-100 elementor-top-column elementor-element elementor-element-3034358\" data-id=\"3034358\" data-element_type=\"column\" data-e-type=\"column\">\n\t\t\t<div class=\"elementor-widget-wrap elementor-element-populated\">\n\t\t\t\t\t\t<div class=\"elementor-element elementor-element-898e6f5 elementor-widget elementor-widget-text-editor\" data-id=\"898e6f5\" data-element_type=\"widget\" data-e-type=\"widget\" data-widget_type=\"text-editor.default\">\n\t\t\t\t<div class=\"elementor-widget-container\">\n\t\t\t\t\t\t\t\t\t<section class=\"elementor-section elementor-top-section elementor-element elementor-element-d88c3e9 elementor-section-boxed elementor-section-height-default elementor-section-height-default\" data-id=\"d88c3e9\" data-element_type=\"section\"><div class=\"elementor-container elementor-column-gap-default\"><div class=\"elementor-row\"><div class=\"elementor-column elementor-col-100 elementor-top-column elementor-element elementor-element-378d8cd\" data-id=\"378d8cd\" data-element_type=\"column\"><div class=\"elementor-column-wrap elementor-element-populated\"><div class=\"elementor-widget-wrap\"><div class=\"elementor-element elementor-element-d0b5484 elementor-widget elementor-widget-text-editor\" data-id=\"d0b5484\" data-element_type=\"widget\" data-widget_type=\"text-editor.default\"><div class=\"elementor-widget-container\"><div class=\"elementor-text-editor elementor-clearfix\"><p><span style=\"color: #000000;\">El dissabte 5 de novembre, el Grup Sant Pere Claver i la Fundaci\u00f3 Tallers, entitat del Grup, vam celebrar en clau de conflu\u00e8ncia una nova edici\u00f3 de la\u00a0<strong>Festa del Dia del Voluntariat\u00a0<\/strong>a l\u2019Auditori i els Jardins de Can Roig i Torres de Santa Coloma de Gramenet. Sota el lema \u201c<strong>Vine, viu i implica\u2019t. Compartir \u00e9s fant\u00e0stic<\/strong>\u201d ens vam trobar per compartir, recon\u00e8ixer i agrair la tasca que desenvolupen totes i cadascuna de les 80 persones volunt\u00e0ries, locals i internacionals, implicades en el nostre\u00a0<a style=\"color: #000000;\" role=\"link\" href=\"https:\/\/www.santpereclaver.org\/voluntariat\/\"><span style=\"color: #993300;\">Servei de<\/span> <span style=\"color: #993300;\">Voluntariat<\/span><\/a><span style=\"color: #993300;\">.<\/span><\/span><\/p><\/div><\/div><\/div><\/div><\/div><\/div><\/div><\/div><\/section><section class=\"elementor-section elementor-top-section elementor-element elementor-element-57a4594 elementor-section-boxed elementor-section-height-default elementor-section-height-default\" data-id=\"57a4594\" data-element_type=\"section\"><div class=\"elementor-container elementor-column-gap-default\"><div class=\"elementor-row\"><div class=\"elementor-column elementor-col-100 elementor-top-column elementor-element elementor-element-70e5ed9\" data-id=\"70e5ed9\" data-element_type=\"column\"><div class=\"elementor-column-wrap elementor-element-populated\"><div class=\"elementor-widget-wrap\"><div class=\"elementor-element elementor-element-7573aa3 elementor-widget elementor-widget-text-editor\" data-id=\"7573aa3\" data-element_type=\"widget\" data-widget_type=\"text-editor.default\"><div class=\"elementor-widget-container\"><div class=\"elementor-text-editor elementor-clearfix\"><p><span style=\"color: #000000;\">Un reconeixement que tornarem a fer p\u00fablic el proper divendres<span style=\"color: #993300;\">\u00a0<a style=\"color: #993300;\" role=\"link\" href=\"https:\/\/www.santpereclaver.org\/dia-voluntariat-2022\/\">25 de novembre<\/a><\/span>\u00a0en una segona edici\u00f3 a Barcelona i que tindr\u00e0 lloc a cal Muns, un altre espai molt vinculat al nostre territori. De nou, posarem en valor com la participaci\u00f3 i la col\u00b7laboraci\u00f3 de totes les persones volunt\u00e0ries del nostre equip ens aporta comunitat, motivaci\u00f3, const\u00e0ncia i empeny. En definitiva, ganes de viure en un m\u00f3n millor.<\/span><\/p><\/div><\/div><\/div><\/div><\/div><\/div><\/div><\/div><\/section>\t\t\t\t\t\t\t\t<\/div>\n\t\t\t\t<\/div>\n\t\t\t\t\t<\/div>\n\t\t<\/div>\n\t\t\t\t\t<\/div>\n\t\t<\/section>\n\t\t\t\t<section class=\"elementor-section elementor-top-section elementor-element elementor-element-246cb04 elementor-section-boxed elementor-section-height-default elementor-section-height-default\" data-id=\"246cb04\" data-element_type=\"section\" data-e-type=\"section\">\n\t\t\t\t\t\t<div class=\"elementor-container elementor-column-gap-default\">\n\t\t\t\t\t<div class=\"elementor-column elementor-col-100 elementor-top-column elementor-element elementor-element-5eabe17\" data-id=\"5eabe17\" data-element_type=\"column\" data-e-type=\"column\">\n\t\t\t<div class=\"elementor-widget-wrap elementor-element-populated\">\n\t\t\t\t\t\t<div class=\"elementor-element elementor-element-5e49032 elementor-widget elementor-widget-heading\" data-id=\"5e49032\" data-element_type=\"widget\" data-e-type=\"widget\" data-widget_type=\"heading.default\">\n\t\t\t\t<div class=\"elementor-widget-container\">\n\t\t\t\t\t<h2 class=\"elementor-heading-title elementor-size-default\">Agra\u00efment i reconeixement al nostre equip de voluntaris\/\u00e0ries<\/h2>\t\t\t\t<\/div>\n\t\t\t\t<\/div>\n\t\t\t\t\t<\/div>\n\t\t<\/div>\n\t\t\t\t\t<\/div>\n\t\t<\/section>\n\t\t\t\t<section class=\"elementor-section elementor-top-section elementor-element elementor-element-ef1ce1d elementor-section-boxed elementor-section-height-default elementor-section-height-default\" data-id=\"ef1ce1d\" data-element_type=\"section\" data-e-type=\"section\">\n\t\t\t\t\t\t<div class=\"elementor-container elementor-column-gap-default\">\n\t\t\t\t\t<div class=\"elementor-column elementor-col-100 elementor-top-column elementor-element elementor-element-1e8d67b\" data-id=\"1e8d67b\" data-element_type=\"column\" data-e-type=\"column\">\n\t\t\t<div class=\"elementor-widget-wrap elementor-element-populated\">\n\t\t\t\t\t\t<div class=\"elementor-element elementor-element-46371f6 elementor-widget elementor-widget-text-editor\" data-id=\"46371f6\" data-element_type=\"widget\" data-e-type=\"widget\" data-widget_type=\"text-editor.default\">\n\t\t\t\t<div class=\"elementor-widget-container\">\n\t\t\t\t\t\t\t\t\t<p><span style=\"color: #000000;\">Un any m\u00e9s, a Can Roig i Torres, la celebraci\u00f3 del Dia del Voluntariat va comen\u00e7ar a l\u2019Auditori amb una primera part institucional per traslladar, a trav\u00e9s de diferents parlaments, el reconeixement a la tasca realitzada per l\u2019equip de persones volunt\u00e0ries de la nostra organitzaci\u00f3.<\/span><\/p>\t\t\t\t\t\t\t\t<\/div>\n\t\t\t\t<\/div>\n\t\t\t\t\t<\/div>\n\t\t<\/div>\n\t\t\t\t\t<\/div>\n\t\t<\/section>\n\t\t\t\t<section class=\"elementor-section elementor-top-section elementor-element elementor-element-3ae319b elementor-section-boxed elementor-section-height-default elementor-section-height-default\" data-id=\"3ae319b\" data-element_type=\"section\" data-e-type=\"section\">\n\t\t\t\t\t\t<div class=\"elementor-container elementor-column-gap-default\">\n\t\t\t\t\t<div class=\"elementor-column elementor-col-50 elementor-top-column elementor-element elementor-element-d7fdcaa\" data-id=\"d7fdcaa\" data-element_type=\"column\" data-e-type=\"column\">\n\t\t\t<div class=\"elementor-widget-wrap elementor-element-populated\">\n\t\t\t\t\t\t<div class=\"elementor-element elementor-element-afc78eb elementor-widget elementor-widget-image\" data-id=\"afc78eb\" data-element_type=\"widget\" data-e-type=\"widget\" data-widget_type=\"image.default\">\n\t\t\t\t<div class=\"elementor-widget-container\">\n\t\t\t\t\t\t\t\t\t\t\t\t\t\t\t<img fetchpriority=\"high\" decoding=\"async\" width=\"800\" height=\"533\" src=\"https:\/\/fundaciotallers.org\/wp-content\/uploads\/2022\/11\/IMG_6665.jpg\" class=\"attachment-full size-full wp-image-38962\" alt=\"\" srcset=\"https:\/\/fundaciotallers.org\/wp-content\/uploads\/2022\/11\/IMG_6665.jpg 800w, https:\/\/fundaciotallers.org\/wp-content\/uploads\/2022\/11\/IMG_6665-300x200.jpg 300w, https:\/\/fundaciotallers.org\/wp-content\/uploads\/2022\/11\/IMG_6665-768x512.jpg 768w\" sizes=\"(max-width: 800px) 100vw, 800px\" \/>\t\t\t\t\t\t\t\t\t\t\t\t\t\t\t<\/div>\n\t\t\t\t<\/div>\n\t\t\t\t\t<\/div>\n\t\t<\/div>\n\t\t\t\t<div class=\"elementor-column elementor-col-50 elementor-top-column elementor-element elementor-element-91c724f\" data-id=\"91c724f\" data-element_type=\"column\" data-e-type=\"column\">\n\t\t\t<div class=\"elementor-widget-wrap elementor-element-populated\">\n\t\t\t\t\t\t<div class=\"elementor-element elementor-element-fd94a2f elementor-widget elementor-widget-text-editor\" data-id=\"fd94a2f\" data-element_type=\"widget\" data-e-type=\"widget\" data-widget_type=\"text-editor.default\">\n\t\t\t\t<div class=\"elementor-widget-container\">\n\t\t\t\t\t\t\t\t\t<p>El tret de sortida el va donar\u00a0<strong>Ra\u00fal Alc\u00e1zar, Director de Sant Pere Claver Fundaci\u00f3 Serveis Socials,<\/strong>\u00a0que va subratllar la import\u00e0ncia que significa la conflu\u00e8ncia entre ambdues entitats i va celebrar l\u2019ampli ventall de possibilitats futures que els brinda aquesta uni\u00f3: \u201c a trav\u00e9s de la conflu\u00e8ncia continuem creixent junts en molts \u00e0mbits, com ara en l\u2019aposta pel servei del voluntariat\u201d.<\/p>\t\t\t\t\t\t\t\t<\/div>\n\t\t\t\t<\/div>\n\t\t\t\t\t<\/div>\n\t\t<\/div>\n\t\t\t\t\t<\/div>\n\t\t<\/section>\n\t\t\t\t<section class=\"elementor-section elementor-top-section elementor-element elementor-element-c6298cd elementor-section-boxed elementor-section-height-default elementor-section-height-default\" data-id=\"c6298cd\" data-element_type=\"section\" data-e-type=\"section\">\n\t\t\t\t\t\t<div class=\"elementor-container elementor-column-gap-default\">\n\t\t\t\t\t<div class=\"elementor-column elementor-col-100 elementor-top-column elementor-element elementor-element-0ef6db8\" data-id=\"0ef6db8\" data-element_type=\"column\" data-e-type=\"column\">\n\t\t\t<div class=\"elementor-widget-wrap elementor-element-populated\">\n\t\t\t\t\t\t<div class=\"elementor-element elementor-element-27c5555 elementor-widget elementor-widget-text-editor\" data-id=\"27c5555\" data-element_type=\"widget\" data-e-type=\"widget\" data-widget_type=\"text-editor.default\">\n\t\t\t\t<div class=\"elementor-widget-container\">\n\t\t\t\t\t\t\t\t\t<p><span style=\"color: #000000;\">Seguidament, va prendre el relleu\u00a0<strong>M\u00edriam Bonet, Coordinadora del Servei de Voluntariat,\u00a0<\/strong>que va remarcar que \u201cel nostre gran repte \u00e9s estar al costat de les persones\u201d. Bonet tamb\u00e9 va valorar positivament que actes com el celebrat donen l\u2019oportunitat de \u201ccon\u00e8ixer millor a les persones volunt\u00e0ries i com \u00e9s la seva tasca d\u2019acompanyament. \u00c9s un moment per recon\u00e8ixer la feina que feu i estar al vostre costat per acompanyar-vos. Ja som grans, ara ja tenim 80 persones volunt\u00e0ries\u201d.<\/span><\/p><p>Per la seva banda, la\u00a0<strong>responsable del programa de Voluntariat Europeu<\/strong>,\u00a0<strong>Diana Fogu\u00e9<\/strong>, va explicar el programa europeu<span style=\"color: #993300;\">\u00a0<\/span><strong><a style=\"color: #000000;\" role=\"link\" href=\"https:\/\/youth.europa.eu\/solidarity_es\"><span style=\"color: #993300;\">Solidarity Corps<\/span><\/a><\/strong>\u00a0que promou el voluntariat entre joves de diferents pa\u00efsos i va compartir com des del nostre Grup reben el suport i l\u2019assist\u00e8ncia necessaris per poder desenvolupar-ho. \u201cArrel de la conflu\u00e8ncia, el voluntariat tamb\u00e9 s\u2019ampliar\u00e0 i ser\u00e0 m\u00e9s plural, m\u00e9s inclusiu i m\u00e9s enriquidor\u201d, va concloure Fogu\u00e9.<\/p><p>La\u00a0<strong>vicepresidenta del Patronat del Grup Sant Pere Claver<\/strong>,\u00a0<strong>Montserrat Jara,\u00a0<\/strong>va intervenir durant els parlaments en clau d\u2019agra\u00efment a totes les persones i entitats involucrades en el Servei de Voluntariat: \u201cvull agrair la tasca de suport i complementarietat als projectes i recursos en els que feu possible la continu\u00eftat de la nostra missi\u00f3 com a grup. Entre d\u2019altres, la tasca de generar oportunitats i possibilitar el desenvolupament del projecte de vida de les persones ateses\u201d. A m\u00e9s, Jara tamb\u00e9 va posar en valor la tasca de totes les persones volunt\u00e0ries: \u201cla vostra labor no nom\u00e9s aporta dignitat i humanitat, sin\u00f3 que contribueix en la lluita contra l\u2019exclusi\u00f3 social i la soledat fent possible la construcci\u00f3 d\u2019una societat m\u00e9s justa i igualit\u00e0ria, m\u00e9s inclusiva\u201d.<\/p>\t\t\t\t\t\t\t\t<\/div>\n\t\t\t\t<\/div>\n\t\t\t\t\t<\/div>\n\t\t<\/div>\n\t\t\t\t\t<\/div>\n\t\t<\/section>\n\t\t\t\t<section class=\"elementor-section elementor-top-section elementor-element elementor-element-d1d8cb4 elementor-section-boxed elementor-section-height-default elementor-section-height-default\" data-id=\"d1d8cb4\" data-element_type=\"section\" data-e-type=\"section\">\n\t\t\t\t\t\t<div class=\"elementor-container elementor-column-gap-default\">\n\t\t\t\t\t<div class=\"elementor-column elementor-col-50 elementor-top-column elementor-element elementor-element-2af17e1\" data-id=\"2af17e1\" data-element_type=\"column\" data-e-type=\"column\">\n\t\t\t<div class=\"elementor-widget-wrap elementor-element-populated\">\n\t\t\t\t\t\t<div class=\"elementor-element elementor-element-a74936b elementor-widget elementor-widget-image\" data-id=\"a74936b\" data-element_type=\"widget\" data-e-type=\"widget\" data-widget_type=\"image.default\">\n\t\t\t\t<div class=\"elementor-widget-container\">\n\t\t\t\t\t\t\t\t\t\t\t\t\t\t\t<img decoding=\"async\" width=\"688\" height=\"393\" src=\"https:\/\/fundaciotallers.org\/wp-content\/uploads\/2022\/11\/P1033918.png\" class=\"attachment-full size-full wp-image-38964\" alt=\"\" srcset=\"https:\/\/fundaciotallers.org\/wp-content\/uploads\/2022\/11\/P1033918.png 688w, https:\/\/fundaciotallers.org\/wp-content\/uploads\/2022\/11\/P1033918-300x171.png 300w\" sizes=\"(max-width: 688px) 100vw, 688px\" \/>\t\t\t\t\t\t\t\t\t\t\t\t\t\t\t<\/div>\n\t\t\t\t<\/div>\n\t\t\t\t\t<\/div>\n\t\t<\/div>\n\t\t\t\t<div class=\"elementor-column elementor-col-50 elementor-top-column elementor-element elementor-element-1b2ddb2\" data-id=\"1b2ddb2\" data-element_type=\"column\" data-e-type=\"column\">\n\t\t\t<div class=\"elementor-widget-wrap elementor-element-populated\">\n\t\t\t\t\t\t<div class=\"elementor-element elementor-element-ffb9d56 elementor-widget elementor-widget-text-editor\" data-id=\"ffb9d56\" data-element_type=\"widget\" data-e-type=\"widget\" data-widget_type=\"text-editor.default\">\n\t\t\t\t<div class=\"elementor-widget-container\">\n\t\t\t\t\t\t\t\t\t<p>Els parlaments es van tancar amb la intervenci\u00f3 de\u00a0<strong>l\u2019alcaldessa de Santa Coloma, N\u00faria Parl\u00f3n<\/strong>, que un any m\u00e9s ens va acompanyar en aquest acte de reconeixement a la tasca volunt\u00e0ria. Parl\u00f3n va comen\u00e7ar el seu parlament \u201cagraint molt la feina de tots els professionals de les dues organitzacions conflu\u00efdes, els quals realitzen una tasca fonamental a la nostra ciutat\u201d.<\/p>\t\t\t\t\t\t\t\t<\/div>\n\t\t\t\t<\/div>\n\t\t\t\t\t<\/div>\n\t\t<\/div>\n\t\t\t\t\t<\/div>\n\t\t<\/section>\n\t\t\t\t<section class=\"elementor-section elementor-top-section elementor-element elementor-element-7f221ad elementor-section-boxed elementor-section-height-default elementor-section-height-default\" data-id=\"7f221ad\" data-element_type=\"section\" data-e-type=\"section\">\n\t\t\t\t\t\t<div class=\"elementor-container elementor-column-gap-default\">\n\t\t\t\t\t<div class=\"elementor-column elementor-col-100 elementor-top-column elementor-element elementor-element-4374414\" data-id=\"4374414\" data-element_type=\"column\" data-e-type=\"column\">\n\t\t\t<div class=\"elementor-widget-wrap elementor-element-populated\">\n\t\t\t\t\t\t<div class=\"elementor-element elementor-element-12d9c05 elementor-widget elementor-widget-text-editor\" data-id=\"12d9c05\" data-element_type=\"widget\" data-e-type=\"widget\" data-widget_type=\"text-editor.default\">\n\t\t\t\t<div class=\"elementor-widget-container\">\n\t\t\t\t\t\t\t\t\t<p>L\u2019alcaldessa va remarcar tamb\u00e9 la import\u00e0ncia que el voluntariat ha tingut des de sempre en el teixit social colomenc afirmant que \u201cSanta Coloma \u00e9s una ciutat que sempre ha destacat per la naturalesa de la seva comunitat i per la ciutadania organitzada envers el voluntariat\u201d. I va posar en valor com el \u201cvoluntariat inclusiu ha intensificat i dignificat encara m\u00e9s tots els processos per l\u2019acompanyament de la igualtat d\u2019oportunitats a la nostra ciutat. Ens mancava aquesta forma afegida de voluntariat que es desenvolupa en tots aquells espais de transformaci\u00f3 que han d\u2019aportar l\u2019afegit\u00f3 de vincular voluntariat inclusiu i voluntariat europeu\u201d.<\/p><p>Despr\u00e9s dels parlaments,\u00a0<strong>N\u00faria Luque, Connectora comunit\u00e0ria i Responsable del voluntariat local,<\/strong>\u00a0va conduir i dinamitzar dins de l\u2019Auditori diversos\u00a0<em>sketchos\u00a0<\/em>protagonitzats pels voluntaris, volunt\u00e0ries i persones ateses per compartir amb totes les persones assistents com \u00e9s el vincle que es crea entre ells a trav\u00e9s dels projectes de voluntariat i d\u2019oci inclusiu en la comunitat. Tamb\u00e9 es van intercalar diferents v\u00eddeos amb testimonis en primera persona d\u2019alguns dels voluntaris i volunt\u00e0ries de la nostra organitzaci\u00f3. A trav\u00e9s de les seves veus es va poder con\u00e8ixer millor com \u00e9s la tasca que duen a terme.<\/p>\t\t\t\t\t\t\t\t<\/div>\n\t\t\t\t<\/div>\n\t\t\t\t\t<\/div>\n\t\t<\/div>\n\t\t\t\t\t<\/div>\n\t\t<\/section>\n\t\t\t\t<section class=\"elementor-section elementor-top-section elementor-element elementor-element-a452a62 elementor-section-boxed elementor-section-height-default elementor-section-height-default\" data-id=\"a452a62\" data-element_type=\"section\" data-e-type=\"section\">\n\t\t\t\t\t\t<div class=\"elementor-container elementor-column-gap-default\">\n\t\t\t\t\t<div class=\"elementor-column elementor-col-100 elementor-top-column elementor-element elementor-element-649e3d3\" data-id=\"649e3d3\" data-element_type=\"column\" data-e-type=\"column\">\n\t\t\t<div class=\"elementor-widget-wrap elementor-element-populated\">\n\t\t\t\t\t\t<div class=\"elementor-element elementor-element-63b083f elementor-widget elementor-widget-image\" data-id=\"63b083f\" data-element_type=\"widget\" data-e-type=\"widget\" data-widget_type=\"image.default\">\n\t\t\t\t<div class=\"elementor-widget-container\">\n\t\t\t\t\t\t\t\t\t\t\t\t\t\t\t<img decoding=\"async\" width=\"800\" height=\"444\" src=\"https:\/\/fundaciotallers.org\/wp-content\/uploads\/2022\/11\/P1033999.png\" class=\"attachment-large size-large wp-image-38972\" alt=\"\" srcset=\"https:\/\/fundaciotallers.org\/wp-content\/uploads\/2022\/11\/P1033999.png 800w, https:\/\/fundaciotallers.org\/wp-content\/uploads\/2022\/11\/P1033999-300x167.png 300w, https:\/\/fundaciotallers.org\/wp-content\/uploads\/2022\/11\/P1033999-768x426.png 768w\" sizes=\"(max-width: 800px) 100vw, 800px\" \/>\t\t\t\t\t\t\t\t\t\t\t\t\t\t\t<\/div>\n\t\t\t\t<\/div>\n\t\t\t\t\t<\/div>\n\t\t<\/div>\n\t\t\t\t\t<\/div>\n\t\t<\/section>\n\t\t\t\t<section class=\"elementor-section elementor-top-section elementor-element elementor-element-b098d72 elementor-section-boxed elementor-section-height-default elementor-section-height-default\" data-id=\"b098d72\" data-element_type=\"section\" data-e-type=\"section\">\n\t\t\t\t\t\t<div class=\"elementor-container elementor-column-gap-default\">\n\t\t\t\t\t<div class=\"elementor-column elementor-col-100 elementor-top-column elementor-element elementor-element-7fe9dae\" data-id=\"7fe9dae\" data-element_type=\"column\" data-e-type=\"column\">\n\t\t\t<div class=\"elementor-widget-wrap elementor-element-populated\">\n\t\t\t\t\t\t<div class=\"elementor-element elementor-element-09ff618 elementor-widget elementor-widget-heading\" data-id=\"09ff618\" data-element_type=\"widget\" data-e-type=\"widget\" data-widget_type=\"heading.default\">\n\t\t\t\t<div class=\"elementor-widget-container\">\n\t\t\t\t\t<h2 class=\"elementor-heading-title elementor-size-default\">Festa del Voluntariat<\/h2>\t\t\t\t<\/div>\n\t\t\t\t<\/div>\n\t\t\t\t\t<\/div>\n\t\t<\/div>\n\t\t\t\t\t<\/div>\n\t\t<\/section>\n\t\t\t\t<section class=\"elementor-section elementor-top-section elementor-element elementor-element-f4f335e elementor-section-boxed elementor-section-height-default elementor-section-height-default\" data-id=\"f4f335e\" data-element_type=\"section\" data-e-type=\"section\">\n\t\t\t\t\t\t<div class=\"elementor-container elementor-column-gap-default\">\n\t\t\t\t\t<div class=\"elementor-column elementor-col-100 elementor-top-column elementor-element elementor-element-f1e1c47\" data-id=\"f1e1c47\" data-element_type=\"column\" data-e-type=\"column\">\n\t\t\t<div class=\"elementor-widget-wrap elementor-element-populated\">\n\t\t\t\t\t\t<div class=\"elementor-element elementor-element-9b0e6fb elementor-widget elementor-widget-text-editor\" data-id=\"9b0e6fb\" data-element_type=\"widget\" data-e-type=\"widget\" data-widget_type=\"text-editor.default\">\n\t\t\t\t<div class=\"elementor-widget-container\">\n\t\t\t\t\t\t\t\t\t<p><span style=\"color: #000000;\">A partir de les 12h, la celebraci\u00f3 es va traslladar als Jardins de Can Roig i Torres i va tenir un caire m\u00e9s l\u00fadic i festiu amb tallers de grafits, xapes i caricatures, l\u2019acompanyament musical del grup \u201cLa extra\u00f1a pareja\u201d i les tapes solid\u00e0ries amb les que han col\u00b7laborat diferents restaurants de Santa Coloma. Al final de la festa es va celebrar tamb\u00e9 un sorteig d\u2019oci, gr\u00e0cies a la col\u00b7laboraci\u00f3 de diferents establiments i entitats de la ciutat.<\/span><br \/><span style=\"color: #000000;\">Moltes gr\u00e0cies a tots i totes per acompanyar-nos. Us hi esperem el divendres 25 a Cal Muns!<\/span><\/p>\t\t\t\t\t\t\t\t<\/div>\n\t\t\t\t<\/div>\n\t\t\t\t\t<\/div>\n\t\t<\/div>\n\t\t\t\t\t<\/div>\n\t\t<\/section>\n\t\t\t\t<section class=\"elementor-section elementor-top-section elementor-element elementor-element-e1d1515 elementor-section-boxed elementor-section-height-default elementor-section-height-default\" data-id=\"e1d1515\" data-element_type=\"section\" data-e-type=\"section\">\n\t\t\t\t\t\t<div class=\"elementor-container elementor-column-gap-default\">\n\t\t\t\t\t<div class=\"elementor-column elementor-col-100 elementor-top-column elementor-element elementor-element-8c1044c\" data-id=\"8c1044c\" data-element_type=\"column\" data-e-type=\"column\">\n\t\t\t<div class=\"elementor-widget-wrap elementor-element-populated\">\n\t\t\t\t\t\t<div class=\"elementor-element elementor-element-bc5199d elementor-widget elementor-widget-image-gallery\" data-id=\"bc5199d\" data-element_type=\"widget\" data-e-type=\"widget\" data-widget_type=\"image-gallery.default\">\n\t\t\t\t<div class=\"elementor-widget-container\">\n\t\t\t\t\t\t\t<div class=\"elementor-image-gallery\">\n\t\t\t\n<a data-elementor-open-lightbox=\"yes\" data-elementor-lightbox-slideshow=\"bc5199d\" data-elementor-lightbox-title=\"IMG_6672\" data-e-action-hash=\"#elementor-action%3Aaction%3Dlightbox%26settings%3DeyJpZCI6Mzg5ODIsInVybCI6Imh0dHBzOlwvXC9mdW5kYWNpb3RhbGxlcnMub3JnXC93cC1jb250ZW50XC91cGxvYWRzXC8yMDIyXC8xMVwvSU1HXzY2NzIuanBnIiwic2xpZGVzaG93IjoiYmM1MTk5ZCJ9\" href='https:\/\/fundaciotallers.org\/wp-content\/uploads\/2022\/11\/IMG_6672.jpg'><img loading=\"lazy\" decoding=\"async\" width=\"300\" height=\"200\" src=\"https:\/\/fundaciotallers.org\/wp-content\/uploads\/2022\/11\/IMG_6672-300x200.jpg\" class=\"attachment-medium size-medium\" alt=\"\" srcset=\"https:\/\/fundaciotallers.org\/wp-content\/uploads\/2022\/11\/IMG_6672-300x200.jpg 300w, https:\/\/fundaciotallers.org\/wp-content\/uploads\/2022\/11\/IMG_6672-768x512.jpg 768w, https:\/\/fundaciotallers.org\/wp-content\/uploads\/2022\/11\/IMG_6672.jpg 800w\" sizes=\"(max-width: 300px) 100vw, 300px\" \/><\/a>\n<a data-elementor-open-lightbox=\"yes\" data-elementor-lightbox-slideshow=\"bc5199d\" data-elementor-lightbox-title=\"IMG_6699\" data-e-action-hash=\"#elementor-action%3Aaction%3Dlightbox%26settings%3DeyJpZCI6Mzg5OTIsInVybCI6Imh0dHBzOlwvXC9mdW5kYWNpb3RhbGxlcnMub3JnXC93cC1jb250ZW50XC91cGxvYWRzXC8yMDIyXC8xMVwvSU1HXzY2OTkuanBnIiwic2xpZGVzaG93IjoiYmM1MTk5ZCJ9\" href='https:\/\/fundaciotallers.org\/wp-content\/uploads\/2022\/11\/IMG_6699.jpg'><img loading=\"lazy\" decoding=\"async\" width=\"300\" height=\"200\" src=\"https:\/\/fundaciotallers.org\/wp-content\/uploads\/2022\/11\/IMG_6699-300x200.jpg\" class=\"attachment-medium size-medium\" alt=\"\" srcset=\"https:\/\/fundaciotallers.org\/wp-content\/uploads\/2022\/11\/IMG_6699-300x200.jpg 300w, https:\/\/fundaciotallers.org\/wp-content\/uploads\/2022\/11\/IMG_6699-768x512.jpg 768w, https:\/\/fundaciotallers.org\/wp-content\/uploads\/2022\/11\/IMG_6699.jpg 800w\" sizes=\"(max-width: 300px) 100vw, 300px\" \/><\/a>\n<a data-elementor-open-lightbox=\"yes\" data-elementor-lightbox-slideshow=\"bc5199d\" data-elementor-lightbox-title=\"IMG_6708\" data-e-action-hash=\"#elementor-action%3Aaction%3Dlightbox%26settings%3DeyJpZCI6Mzg5OTQsInVybCI6Imh0dHBzOlwvXC9mdW5kYWNpb3RhbGxlcnMub3JnXC93cC1jb250ZW50XC91cGxvYWRzXC8yMDIyXC8xMVwvSU1HXzY3MDguanBnIiwic2xpZGVzaG93IjoiYmM1MTk5ZCJ9\" href='https:\/\/fundaciotallers.org\/wp-content\/uploads\/2022\/11\/IMG_6708.jpg'><img loading=\"lazy\" decoding=\"async\" width=\"300\" height=\"200\" src=\"https:\/\/fundaciotallers.org\/wp-content\/uploads\/2022\/11\/IMG_6708-300x200.jpg\" class=\"attachment-medium size-medium\" alt=\"\" srcset=\"https:\/\/fundaciotallers.org\/wp-content\/uploads\/2022\/11\/IMG_6708-300x200.jpg 300w, https:\/\/fundaciotallers.org\/wp-content\/uploads\/2022\/11\/IMG_6708-768x512.jpg 768w, https:\/\/fundaciotallers.org\/wp-content\/uploads\/2022\/11\/IMG_6708.jpg 800w\" sizes=\"(max-width: 300px) 100vw, 300px\" \/><\/a>\n<a data-elementor-open-lightbox=\"yes\" data-elementor-lightbox-slideshow=\"bc5199d\" data-elementor-lightbox-title=\"IMG_6727\" data-e-action-hash=\"#elementor-action%3Aaction%3Dlightbox%26settings%3DeyJpZCI6Mzg5OTgsInVybCI6Imh0dHBzOlwvXC9mdW5kYWNpb3RhbGxlcnMub3JnXC93cC1jb250ZW50XC91cGxvYWRzXC8yMDIyXC8xMVwvSU1HXzY3MjcuanBnIiwic2xpZGVzaG93IjoiYmM1MTk5ZCJ9\" href='https:\/\/fundaciotallers.org\/wp-content\/uploads\/2022\/11\/IMG_6727.jpg'><img loading=\"lazy\" decoding=\"async\" width=\"300\" height=\"200\" src=\"https:\/\/fundaciotallers.org\/wp-content\/uploads\/2022\/11\/IMG_6727-300x200.jpg\" class=\"attachment-medium size-medium\" alt=\"\" srcset=\"https:\/\/fundaciotallers.org\/wp-content\/uploads\/2022\/11\/IMG_6727-300x200.jpg 300w, https:\/\/fundaciotallers.org\/wp-content\/uploads\/2022\/11\/IMG_6727-768x512.jpg 768w, https:\/\/fundaciotallers.org\/wp-content\/uploads\/2022\/11\/IMG_6727.jpg 800w\" sizes=\"(max-width: 300px) 100vw, 300px\" \/><\/a>\n<a data-elementor-open-lightbox=\"yes\" data-elementor-lightbox-slideshow=\"bc5199d\" data-elementor-lightbox-title=\"IMG_6772\" data-e-action-hash=\"#elementor-action%3Aaction%3Dlightbox%26settings%3DeyJpZCI6MzkwMDgsInVybCI6Imh0dHBzOlwvXC9mdW5kYWNpb3RhbGxlcnMub3JnXC93cC1jb250ZW50XC91cGxvYWRzXC8yMDIyXC8xMVwvSU1HXzY3NzItc2NhbGVkLmpwZyIsInNsaWRlc2hvdyI6ImJjNTE5OWQifQ%3D%3D\" href='https:\/\/fundaciotallers.org\/wp-content\/uploads\/2022\/11\/IMG_6772-scaled.jpg'><img loading=\"lazy\" decoding=\"async\" width=\"300\" height=\"200\" src=\"https:\/\/fundaciotallers.org\/wp-content\/uploads\/2022\/11\/IMG_6772-300x200.jpg\" class=\"attachment-medium size-medium\" alt=\"\" srcset=\"https:\/\/fundaciotallers.org\/wp-content\/uploads\/2022\/11\/IMG_6772-300x200.jpg 300w, https:\/\/fundaciotallers.org\/wp-content\/uploads\/2022\/11\/IMG_6772-1024x683.jpg 1024w, https:\/\/fundaciotallers.org\/wp-content\/uploads\/2022\/11\/IMG_6772-768x512.jpg 768w, https:\/\/fundaciotallers.org\/wp-content\/uploads\/2022\/11\/IMG_6772-1536x1024.jpg 1536w, https:\/\/fundaciotallers.org\/wp-content\/uploads\/2022\/11\/IMG_6772-2048x1365.jpg 2048w\" sizes=\"(max-width: 300px) 100vw, 300px\" \/><\/a>\n<a data-elementor-open-lightbox=\"yes\" data-elementor-lightbox-slideshow=\"bc5199d\" data-elementor-lightbox-title=\"IMG_6780\" data-e-action-hash=\"#elementor-action%3Aaction%3Dlightbox%26settings%3DeyJpZCI6MzkwMTAsInVybCI6Imh0dHBzOlwvXC9mdW5kYWNpb3RhbGxlcnMub3JnXC93cC1jb250ZW50XC91cGxvYWRzXC8yMDIyXC8xMVwvSU1HXzY3ODAuanBnIiwic2xpZGVzaG93IjoiYmM1MTk5ZCJ9\" href='https:\/\/fundaciotallers.org\/wp-content\/uploads\/2022\/11\/IMG_6780.jpg'><img loading=\"lazy\" decoding=\"async\" width=\"300\" height=\"200\" src=\"https:\/\/fundaciotallers.org\/wp-content\/uploads\/2022\/11\/IMG_6780-300x200.jpg\" class=\"attachment-medium size-medium\" alt=\"\" srcset=\"https:\/\/fundaciotallers.org\/wp-content\/uploads\/2022\/11\/IMG_6780-300x200.jpg 300w, https:\/\/fundaciotallers.org\/wp-content\/uploads\/2022\/11\/IMG_6780-768x512.jpg 768w, https:\/\/fundaciotallers.org\/wp-content\/uploads\/2022\/11\/IMG_6780.jpg 800w\" sizes=\"(max-width: 300px) 100vw, 300px\" \/><\/a>\n<a data-elementor-open-lightbox=\"yes\" data-elementor-lightbox-slideshow=\"bc5199d\" data-elementor-lightbox-title=\"IMG_6785\" data-e-action-hash=\"#elementor-action%3Aaction%3Dlightbox%26settings%3DeyJpZCI6MzkwMTIsInVybCI6Imh0dHBzOlwvXC9mdW5kYWNpb3RhbGxlcnMub3JnXC93cC1jb250ZW50XC91cGxvYWRzXC8yMDIyXC8xMVwvSU1HXzY3ODUuanBnIiwic2xpZGVzaG93IjoiYmM1MTk5ZCJ9\" href='https:\/\/fundaciotallers.org\/wp-content\/uploads\/2022\/11\/IMG_6785.jpg'><img loading=\"lazy\" decoding=\"async\" width=\"300\" height=\"200\" src=\"https:\/\/fundaciotallers.org\/wp-content\/uploads\/2022\/11\/IMG_6785-300x200.jpg\" class=\"attachment-medium size-medium\" alt=\"\" srcset=\"https:\/\/fundaciotallers.org\/wp-content\/uploads\/2022\/11\/IMG_6785-300x200.jpg 300w, https:\/\/fundaciotallers.org\/wp-content\/uploads\/2022\/11\/IMG_6785-768x512.jpg 768w, https:\/\/fundaciotallers.org\/wp-content\/uploads\/2022\/11\/IMG_6785.jpg 800w\" sizes=\"(max-width: 300px) 100vw, 300px\" \/><\/a>\n<a data-elementor-open-lightbox=\"yes\" data-elementor-lightbox-slideshow=\"bc5199d\" data-elementor-lightbox-title=\"IMG_6797\" data-e-action-hash=\"#elementor-action%3Aaction%3Dlightbox%26settings%3DeyJpZCI6MzkwMTQsInVybCI6Imh0dHBzOlwvXC9mdW5kYWNpb3RhbGxlcnMub3JnXC93cC1jb250ZW50XC91cGxvYWRzXC8yMDIyXC8xMVwvSU1HXzY3OTcuanBnIiwic2xpZGVzaG93IjoiYmM1MTk5ZCJ9\" href='https:\/\/fundaciotallers.org\/wp-content\/uploads\/2022\/11\/IMG_6797.jpg'><img loading=\"lazy\" decoding=\"async\" width=\"300\" height=\"200\" src=\"https:\/\/fundaciotallers.org\/wp-content\/uploads\/2022\/11\/IMG_6797-300x200.jpg\" class=\"attachment-medium size-medium\" alt=\"\" srcset=\"https:\/\/fundaciotallers.org\/wp-content\/uploads\/2022\/11\/IMG_6797-300x200.jpg 300w, https:\/\/fundaciotallers.org\/wp-content\/uploads\/2022\/11\/IMG_6797-768x512.jpg 768w, https:\/\/fundaciotallers.org\/wp-content\/uploads\/2022\/11\/IMG_6797.jpg 800w\" sizes=\"(max-width: 300px) 100vw, 300px\" \/><\/a>\n<a data-elementor-open-lightbox=\"yes\" data-elementor-lightbox-slideshow=\"bc5199d\" data-elementor-lightbox-title=\"IMG_6806\" data-e-action-hash=\"#elementor-action%3Aaction%3Dlightbox%26settings%3DeyJpZCI6MzkwMTgsInVybCI6Imh0dHBzOlwvXC9mdW5kYWNpb3RhbGxlcnMub3JnXC93cC1jb250ZW50XC91cGxvYWRzXC8yMDIyXC8xMVwvSU1HXzY4MDYuanBnIiwic2xpZGVzaG93IjoiYmM1MTk5ZCJ9\" href='https:\/\/fundaciotallers.org\/wp-content\/uploads\/2022\/11\/IMG_6806.jpg'><img loading=\"lazy\" decoding=\"async\" width=\"300\" height=\"200\" src=\"https:\/\/fundaciotallers.org\/wp-content\/uploads\/2022\/11\/IMG_6806-300x200.jpg\" class=\"attachment-medium size-medium\" alt=\"\" srcset=\"https:\/\/fundaciotallers.org\/wp-content\/uploads\/2022\/11\/IMG_6806-300x200.jpg 300w, https:\/\/fundaciotallers.org\/wp-content\/uploads\/2022\/11\/IMG_6806-768x512.jpg 768w, https:\/\/fundaciotallers.org\/wp-content\/uploads\/2022\/11\/IMG_6806.jpg 800w\" sizes=\"(max-width: 300px) 100vw, 300px\" \/><\/a>\n<a data-elementor-open-lightbox=\"yes\" data-elementor-lightbox-slideshow=\"bc5199d\" data-elementor-lightbox-title=\"P1044074\" data-e-action-hash=\"#elementor-action%3Aaction%3Dlightbox%26settings%3DeyJpZCI6MzkwMjAsInVybCI6Imh0dHBzOlwvXC9mdW5kYWNpb3RhbGxlcnMub3JnXC93cC1jb250ZW50XC91cGxvYWRzXC8yMDIyXC8xMVwvUDEwNDQwNzQucG5nIiwic2xpZGVzaG93IjoiYmM1MTk5ZCJ9\" href='https:\/\/fundaciotallers.org\/wp-content\/uploads\/2022\/11\/P1044074.png'><img loading=\"lazy\" decoding=\"async\" width=\"300\" height=\"208\" src=\"https:\/\/fundaciotallers.org\/wp-content\/uploads\/2022\/11\/P1044074-300x208.png\" class=\"attachment-medium size-medium\" alt=\"\" srcset=\"https:\/\/fundaciotallers.org\/wp-content\/uploads\/2022\/11\/P1044074-300x208.png 300w, https:\/\/fundaciotallers.org\/wp-content\/uploads\/2022\/11\/P1044074-768x533.png 768w, https:\/\/fundaciotallers.org\/wp-content\/uploads\/2022\/11\/P1044074.png 800w\" sizes=\"(max-width: 300px) 100vw, 300px\" \/><\/a>\n<a data-elementor-open-lightbox=\"yes\" data-elementor-lightbox-slideshow=\"bc5199d\" data-elementor-lightbox-title=\"P1044165\" data-e-action-hash=\"#elementor-action%3Aaction%3Dlightbox%26settings%3DeyJpZCI6MzkwMjIsInVybCI6Imh0dHBzOlwvXC9mdW5kYWNpb3RhbGxlcnMub3JnXC93cC1jb250ZW50XC91cGxvYWRzXC8yMDIyXC8xMVwvUDEwNDQxNjUucG5nIiwic2xpZGVzaG93IjoiYmM1MTk5ZCJ9\" href='https:\/\/fundaciotallers.org\/wp-content\/uploads\/2022\/11\/P1044165.png'><img loading=\"lazy\" decoding=\"async\" width=\"300\" height=\"200\" src=\"https:\/\/fundaciotallers.org\/wp-content\/uploads\/2022\/11\/P1044165-300x200.png\" class=\"attachment-medium size-medium\" alt=\"\" srcset=\"https:\/\/fundaciotallers.org\/wp-content\/uploads\/2022\/11\/P1044165-300x200.png 300w, https:\/\/fundaciotallers.org\/wp-content\/uploads\/2022\/11\/P1044165-768x512.png 768w, https:\/\/fundaciotallers.org\/wp-content\/uploads\/2022\/11\/P1044165.png 800w\" sizes=\"(max-width: 300px) 100vw, 300px\" \/><\/a>\n<a data-elementor-open-lightbox=\"yes\" data-elementor-lightbox-slideshow=\"bc5199d\" data-elementor-lightbox-title=\"P1044175\" data-e-action-hash=\"#elementor-action%3Aaction%3Dlightbox%26settings%3DeyJpZCI6MzkwMjQsInVybCI6Imh0dHBzOlwvXC9mdW5kYWNpb3RhbGxlcnMub3JnXC93cC1jb250ZW50XC91cGxvYWRzXC8yMDIyXC8xMVwvUDEwNDQxNzUuanBnIiwic2xpZGVzaG93IjoiYmM1MTk5ZCJ9\" href='https:\/\/fundaciotallers.org\/wp-content\/uploads\/2022\/11\/P1044175.jpg'><img loading=\"lazy\" decoding=\"async\" width=\"300\" height=\"200\" src=\"https:\/\/fundaciotallers.org\/wp-content\/uploads\/2022\/11\/P1044175-300x200.jpg\" class=\"attachment-medium size-medium\" alt=\"\" srcset=\"https:\/\/fundaciotallers.org\/wp-content\/uploads\/2022\/11\/P1044175-300x200.jpg 300w, https:\/\/fundaciotallers.org\/wp-content\/uploads\/2022\/11\/P1044175-768x512.jpg 768w, https:\/\/fundaciotallers.org\/wp-content\/uploads\/2022\/11\/P1044175.jpg 800w\" sizes=\"(max-width: 300px) 100vw, 300px\" \/><\/a>\n<a data-elementor-open-lightbox=\"yes\" data-elementor-lightbox-slideshow=\"bc5199d\" data-elementor-lightbox-title=\"P1044182\" data-e-action-hash=\"#elementor-action%3Aaction%3Dlightbox%26settings%3DeyJpZCI6MzkwMjYsInVybCI6Imh0dHBzOlwvXC9mdW5kYWNpb3RhbGxlcnMub3JnXC93cC1jb250ZW50XC91cGxvYWRzXC8yMDIyXC8xMVwvUDEwNDQxODIuanBnIiwic2xpZGVzaG93IjoiYmM1MTk5ZCJ9\" href='https:\/\/fundaciotallers.org\/wp-content\/uploads\/2022\/11\/P1044182.jpg'><img loading=\"lazy\" decoding=\"async\" width=\"300\" height=\"200\" src=\"https:\/\/fundaciotallers.org\/wp-content\/uploads\/2022\/11\/P1044182-300x200.jpg\" class=\"attachment-medium size-medium\" alt=\"\" srcset=\"https:\/\/fundaciotallers.org\/wp-content\/uploads\/2022\/11\/P1044182-300x200.jpg 300w, https:\/\/fundaciotallers.org\/wp-content\/uploads\/2022\/11\/P1044182-768x512.jpg 768w, https:\/\/fundaciotallers.org\/wp-content\/uploads\/2022\/11\/P1044182.jpg 800w\" sizes=\"(max-width: 300px) 100vw, 300px\" \/><\/a>\n<a data-elementor-open-lightbox=\"yes\" data-elementor-lightbox-slideshow=\"bc5199d\" data-elementor-lightbox-title=\"P1044216\" data-e-action-hash=\"#elementor-action%3Aaction%3Dlightbox%26settings%3DeyJpZCI6MzkwMzEsInVybCI6Imh0dHBzOlwvXC9mdW5kYWNpb3RhbGxlcnMub3JnXC93cC1jb250ZW50XC91cGxvYWRzXC8yMDIyXC8xMVwvUDEwNDQyMTYuanBnIiwic2xpZGVzaG93IjoiYmM1MTk5ZCJ9\" href='https:\/\/fundaciotallers.org\/wp-content\/uploads\/2022\/11\/P1044216.jpg'><img loading=\"lazy\" decoding=\"async\" width=\"300\" height=\"200\" src=\"https:\/\/fundaciotallers.org\/wp-content\/uploads\/2022\/11\/P1044216-300x200.jpg\" class=\"attachment-medium size-medium\" alt=\"\" srcset=\"https:\/\/fundaciotallers.org\/wp-content\/uploads\/2022\/11\/P1044216-300x200.jpg 300w, https:\/\/fundaciotallers.org\/wp-content\/uploads\/2022\/11\/P1044216-768x512.jpg 768w, https:\/\/fundaciotallers.org\/wp-content\/uploads\/2022\/11\/P1044216.jpg 800w\" sizes=\"(max-width: 300px) 100vw, 300px\" \/><\/a>\n<a data-elementor-open-lightbox=\"yes\" data-elementor-lightbox-slideshow=\"bc5199d\" data-elementor-lightbox-title=\"IMG_6658\" data-e-action-hash=\"#elementor-action%3Aaction%3Dlightbox%26settings%3DeyJpZCI6MzkwMzMsInVybCI6Imh0dHBzOlwvXC9mdW5kYWNpb3RhbGxlcnMub3JnXC93cC1jb250ZW50XC91cGxvYWRzXC8yMDIyXC8xMVwvSU1HXzY2NTguanBnIiwic2xpZGVzaG93IjoiYmM1MTk5ZCJ9\" href='https:\/\/fundaciotallers.org\/wp-content\/uploads\/2022\/11\/IMG_6658.jpg'><img loading=\"lazy\" decoding=\"async\" width=\"300\" height=\"200\" src=\"https:\/\/fundaciotallers.org\/wp-content\/uploads\/2022\/11\/IMG_6658-300x200.jpg\" class=\"attachment-medium size-medium\" alt=\"\" srcset=\"https:\/\/fundaciotallers.org\/wp-content\/uploads\/2022\/11\/IMG_6658-300x200.jpg 300w, https:\/\/fundaciotallers.org\/wp-content\/uploads\/2022\/11\/IMG_6658-768x512.jpg 768w, https:\/\/fundaciotallers.org\/wp-content\/uploads\/2022\/11\/IMG_6658.jpg 800w\" sizes=\"(max-width: 300px) 100vw, 300px\" \/><\/a>\n<a data-elementor-open-lightbox=\"yes\" data-elementor-lightbox-slideshow=\"bc5199d\" data-elementor-lightbox-title=\"IMG_6734\" data-e-action-hash=\"#elementor-action%3Aaction%3Dlightbox%26settings%3DeyJpZCI6MzkwMzUsInVybCI6Imh0dHBzOlwvXC9mdW5kYWNpb3RhbGxlcnMub3JnXC93cC1jb250ZW50XC91cGxvYWRzXC8yMDIyXC8xMVwvSU1HXzY3MzQuanBnIiwic2xpZGVzaG93IjoiYmM1MTk5ZCJ9\" href='https:\/\/fundaciotallers.org\/wp-content\/uploads\/2022\/11\/IMG_6734.jpg'><img loading=\"lazy\" decoding=\"async\" width=\"300\" height=\"200\" src=\"https:\/\/fundaciotallers.org\/wp-content\/uploads\/2022\/11\/IMG_6734-300x200.jpg\" class=\"attachment-medium size-medium\" alt=\"\" srcset=\"https:\/\/fundaciotallers.org\/wp-content\/uploads\/2022\/11\/IMG_6734-300x200.jpg 300w, https:\/\/fundaciotallers.org\/wp-content\/uploads\/2022\/11\/IMG_6734-768x512.jpg 768w, https:\/\/fundaciotallers.org\/wp-content\/uploads\/2022\/11\/IMG_6734.jpg 800w\" sizes=\"(max-width: 300px) 100vw, 300px\" \/><\/a>\n<a data-elementor-open-lightbox=\"yes\" data-elementor-lightbox-slideshow=\"bc5199d\" data-elementor-lightbox-title=\"IMG_6808\" data-e-action-hash=\"#elementor-action%3Aaction%3Dlightbox%26settings%3DeyJpZCI6MzkwNDEsInVybCI6Imh0dHBzOlwvXC9mdW5kYWNpb3RhbGxlcnMub3JnXC93cC1jb250ZW50XC91cGxvYWRzXC8yMDIyXC8xMVwvSU1HXzY4MDguanBnIiwic2xpZGVzaG93IjoiYmM1MTk5ZCJ9\" href='https:\/\/fundaciotallers.org\/wp-content\/uploads\/2022\/11\/IMG_6808.jpg'><img loading=\"lazy\" decoding=\"async\" width=\"300\" height=\"200\" src=\"https:\/\/fundaciotallers.org\/wp-content\/uploads\/2022\/11\/IMG_6808-300x200.jpg\" class=\"attachment-medium size-medium\" alt=\"\" srcset=\"https:\/\/fundaciotallers.org\/wp-content\/uploads\/2022\/11\/IMG_6808-300x200.jpg 300w, https:\/\/fundaciotallers.org\/wp-content\/uploads\/2022\/11\/IMG_6808-768x512.jpg 768w, https:\/\/fundaciotallers.org\/wp-content\/uploads\/2022\/11\/IMG_6808.jpg 800w\" sizes=\"(max-width: 300px) 100vw, 300px\" \/><\/a>\n<a data-elementor-open-lightbox=\"yes\" data-elementor-lightbox-slideshow=\"bc5199d\" data-elementor-lightbox-title=\"IMG_6829\" data-e-action-hash=\"#elementor-action%3Aaction%3Dlightbox%26settings%3DeyJpZCI6MzkwNDMsInVybCI6Imh0dHBzOlwvXC9mdW5kYWNpb3RhbGxlcnMub3JnXC93cC1jb250ZW50XC91cGxvYWRzXC8yMDIyXC8xMVwvSU1HXzY4MjkuanBnIiwic2xpZGVzaG93IjoiYmM1MTk5ZCJ9\" href='https:\/\/fundaciotallers.org\/wp-content\/uploads\/2022\/11\/IMG_6829.jpg'><img loading=\"lazy\" decoding=\"async\" width=\"300\" height=\"200\" src=\"https:\/\/fundaciotallers.org\/wp-content\/uploads\/2022\/11\/IMG_6829-300x200.jpg\" class=\"attachment-medium size-medium\" alt=\"\" srcset=\"https:\/\/fundaciotallers.org\/wp-content\/uploads\/2022\/11\/IMG_6829-300x200.jpg 300w, https:\/\/fundaciotallers.org\/wp-content\/uploads\/2022\/11\/IMG_6829-768x512.jpg 768w, https:\/\/fundaciotallers.org\/wp-content\/uploads\/2022\/11\/IMG_6829.jpg 800w\" sizes=\"(max-width: 300px) 100vw, 300px\" \/><\/a>\n<a data-elementor-open-lightbox=\"yes\" data-elementor-lightbox-slideshow=\"bc5199d\" data-elementor-lightbox-title=\"IMG_6841\" data-e-action-hash=\"#elementor-action%3Aaction%3Dlightbox%26settings%3DeyJpZCI6MzkwNDUsInVybCI6Imh0dHBzOlwvXC9mdW5kYWNpb3RhbGxlcnMub3JnXC93cC1jb250ZW50XC91cGxvYWRzXC8yMDIyXC8xMVwvSU1HXzY4NDEtc2NhbGVkLmpwZyIsInNsaWRlc2hvdyI6ImJjNTE5OWQifQ%3D%3D\" href='https:\/\/fundaciotallers.org\/wp-content\/uploads\/2022\/11\/IMG_6841-scaled.jpg'><img loading=\"lazy\" decoding=\"async\" width=\"300\" height=\"200\" src=\"https:\/\/fundaciotallers.org\/wp-content\/uploads\/2022\/11\/IMG_6841-300x200.jpg\" class=\"attachment-medium size-medium\" alt=\"\" srcset=\"https:\/\/fundaciotallers.org\/wp-content\/uploads\/2022\/11\/IMG_6841-300x200.jpg 300w, https:\/\/fundaciotallers.org\/wp-content\/uploads\/2022\/11\/IMG_6841-1024x683.jpg 1024w, https:\/\/fundaciotallers.org\/wp-content\/uploads\/2022\/11\/IMG_6841-768x512.jpg 768w, https:\/\/fundaciotallers.org\/wp-content\/uploads\/2022\/11\/IMG_6841-1536x1024.jpg 1536w, https:\/\/fundaciotallers.org\/wp-content\/uploads\/2022\/11\/IMG_6841-2048x1365.jpg 2048w\" sizes=\"(max-width: 300px) 100vw, 300px\" \/><\/a>\n<a data-elementor-open-lightbox=\"yes\" data-elementor-lightbox-slideshow=\"bc5199d\" data-elementor-lightbox-title=\"P1044022\" data-e-action-hash=\"#elementor-action%3Aaction%3Dlightbox%26settings%3DeyJpZCI6MzkwNDcsInVybCI6Imh0dHBzOlwvXC9mdW5kYWNpb3RhbGxlcnMub3JnXC93cC1jb250ZW50XC91cGxvYWRzXC8yMDIyXC8xMVwvUDEwNDQwMjIuanBnIiwic2xpZGVzaG93IjoiYmM1MTk5ZCJ9\" href='https:\/\/fundaciotallers.org\/wp-content\/uploads\/2022\/11\/P1044022.jpg'><img loading=\"lazy\" decoding=\"async\" width=\"300\" height=\"200\" src=\"https:\/\/fundaciotallers.org\/wp-content\/uploads\/2022\/11\/P1044022-300x200.jpg\" class=\"attachment-medium size-medium\" alt=\"\" srcset=\"https:\/\/fundaciotallers.org\/wp-content\/uploads\/2022\/11\/P1044022-300x200.jpg 300w, https:\/\/fundaciotallers.org\/wp-content\/uploads\/2022\/11\/P1044022-768x512.jpg 768w, https:\/\/fundaciotallers.org\/wp-content\/uploads\/2022\/11\/P1044022.jpg 800w\" sizes=\"(max-width: 300px) 100vw, 300px\" \/><\/a>\n<a data-elementor-open-lightbox=\"yes\" data-elementor-lightbox-slideshow=\"bc5199d\" data-elementor-lightbox-title=\"P1044102\" data-e-action-hash=\"#elementor-action%3Aaction%3Dlightbox%26settings%3DeyJpZCI6MzkwNDksInVybCI6Imh0dHBzOlwvXC9mdW5kYWNpb3RhbGxlcnMub3JnXC93cC1jb250ZW50XC91cGxvYWRzXC8yMDIyXC8xMVwvUDEwNDQxMDIucG5nIiwic2xpZGVzaG93IjoiYmM1MTk5ZCJ9\" href='https:\/\/fundaciotallers.org\/wp-content\/uploads\/2022\/11\/P1044102.png'><img loading=\"lazy\" decoding=\"async\" width=\"300\" height=\"200\" src=\"https:\/\/fundaciotallers.org\/wp-content\/uploads\/2022\/11\/P1044102-300x200.png\" class=\"attachment-medium size-medium\" alt=\"\" srcset=\"https:\/\/fundaciotallers.org\/wp-content\/uploads\/2022\/11\/P1044102-300x200.png 300w, https:\/\/fundaciotallers.org\/wp-content\/uploads\/2022\/11\/P1044102-768x512.png 768w, https:\/\/fundaciotallers.org\/wp-content\/uploads\/2022\/11\/P1044102.png 800w\" sizes=\"(max-width: 300px) 100vw, 300px\" \/><\/a>\n<a data-elementor-open-lightbox=\"yes\" data-elementor-lightbox-slideshow=\"bc5199d\" data-elementor-lightbox-title=\"P1044222\" data-e-action-hash=\"#elementor-action%3Aaction%3Dlightbox%26settings%3DeyJpZCI6MzkwNTEsInVybCI6Imh0dHBzOlwvXC9mdW5kYWNpb3RhbGxlcnMub3JnXC93cC1jb250ZW50XC91cGxvYWRzXC8yMDIyXC8xMVwvUDEwNDQyMjIuanBnIiwic2xpZGVzaG93IjoiYmM1MTk5ZCJ9\" href='https:\/\/fundaciotallers.org\/wp-content\/uploads\/2022\/11\/P1044222.jpg'><img loading=\"lazy\" decoding=\"async\" width=\"300\" height=\"200\" src=\"https:\/\/fundaciotallers.org\/wp-content\/uploads\/2022\/11\/P1044222-300x200.jpg\" class=\"attachment-medium size-medium\" alt=\"\" srcset=\"https:\/\/fundaciotallers.org\/wp-content\/uploads\/2022\/11\/P1044222-300x200.jpg 300w, https:\/\/fundaciotallers.org\/wp-content\/uploads\/2022\/11\/P1044222-768x512.jpg 768w, https:\/\/fundaciotallers.org\/wp-content\/uploads\/2022\/11\/P1044222.jpg 800w\" sizes=\"(max-width: 300px) 100vw, 300px\" \/><\/a>\n<a data-elementor-open-lightbox=\"yes\" data-elementor-lightbox-slideshow=\"bc5199d\" data-elementor-lightbox-title=\"P1044258\" data-e-action-hash=\"#elementor-action%3Aaction%3Dlightbox%26settings%3DeyJpZCI6MzkwNTMsInVybCI6Imh0dHBzOlwvXC9mdW5kYWNpb3RhbGxlcnMub3JnXC93cC1jb250ZW50XC91cGxvYWRzXC8yMDIyXC8xMVwvUDEwNDQyNTguanBnIiwic2xpZGVzaG93IjoiYmM1MTk5ZCJ9\" href='https:\/\/fundaciotallers.org\/wp-content\/uploads\/2022\/11\/P1044258.jpg'><img loading=\"lazy\" decoding=\"async\" width=\"300\" height=\"200\" src=\"https:\/\/fundaciotallers.org\/wp-content\/uploads\/2022\/11\/P1044258-300x200.jpg\" class=\"attachment-medium size-medium\" alt=\"\" srcset=\"https:\/\/fundaciotallers.org\/wp-content\/uploads\/2022\/11\/P1044258-300x200.jpg 300w, https:\/\/fundaciotallers.org\/wp-content\/uploads\/2022\/11\/P1044258-768x512.jpg 768w, https:\/\/fundaciotallers.org\/wp-content\/uploads\/2022\/11\/P1044258.jpg 800w\" sizes=\"(max-width: 300px) 100vw, 300px\" \/><\/a>\n<a data-elementor-open-lightbox=\"yes\" data-elementor-lightbox-slideshow=\"bc5199d\" data-elementor-lightbox-title=\"P1044281\" data-e-action-hash=\"#elementor-action%3Aaction%3Dlightbox%26settings%3DeyJpZCI6MzkwNTcsInVybCI6Imh0dHBzOlwvXC9mdW5kYWNpb3RhbGxlcnMub3JnXC93cC1jb250ZW50XC91cGxvYWRzXC8yMDIyXC8xMVwvUDEwNDQyODEuanBnIiwic2xpZGVzaG93IjoiYmM1MTk5ZCJ9\" href='https:\/\/fundaciotallers.org\/wp-content\/uploads\/2022\/11\/P1044281.jpg'><img loading=\"lazy\" decoding=\"async\" width=\"300\" height=\"200\" src=\"https:\/\/fundaciotallers.org\/wp-content\/uploads\/2022\/11\/P1044281-300x200.jpg\" class=\"attachment-medium size-medium\" alt=\"\" srcset=\"https:\/\/fundaciotallers.org\/wp-content\/uploads\/2022\/11\/P1044281-300x200.jpg 300w, https:\/\/fundaciotallers.org\/wp-content\/uploads\/2022\/11\/P1044281-768x512.jpg 768w, https:\/\/fundaciotallers.org\/wp-content\/uploads\/2022\/11\/P1044281.jpg 800w\" sizes=\"(max-width: 300px) 100vw, 300px\" \/><\/a>\n<a data-elementor-open-lightbox=\"yes\" data-elementor-lightbox-slideshow=\"bc5199d\" data-elementor-lightbox-title=\"IMG_6793\" data-e-action-hash=\"#elementor-action%3Aaction%3Dlightbox%26settings%3DeyJpZCI6MzkwMzksInVybCI6Imh0dHBzOlwvXC9mdW5kYWNpb3RhbGxlcnMub3JnXC93cC1jb250ZW50XC91cGxvYWRzXC8yMDIyXC8xMVwvSU1HXzY3OTMuanBnIiwic2xpZGVzaG93IjoiYmM1MTk5ZCJ9\" href='https:\/\/fundaciotallers.org\/wp-content\/uploads\/2022\/11\/IMG_6793.jpg'><img loading=\"lazy\" decoding=\"async\" width=\"200\" height=\"300\" src=\"https:\/\/fundaciotallers.org\/wp-content\/uploads\/2022\/11\/IMG_6793-200x300.jpg\" class=\"attachment-medium size-medium\" alt=\"\" srcset=\"https:\/\/fundaciotallers.org\/wp-content\/uploads\/2022\/11\/IMG_6793-200x300.jpg 200w, https:\/\/fundaciotallers.org\/wp-content\/uploads\/2022\/11\/IMG_6793.jpg 533w\" sizes=\"(max-width: 200px) 100vw, 200px\" \/><\/a>\n<a data-elementor-open-lightbox=\"yes\" data-elementor-lightbox-slideshow=\"bc5199d\" data-elementor-lightbox-title=\"IMG_6748\" data-e-action-hash=\"#elementor-action%3Aaction%3Dlightbox%26settings%3DeyJpZCI6MzkwMzcsInVybCI6Imh0dHBzOlwvXC9mdW5kYWNpb3RhbGxlcnMub3JnXC93cC1jb250ZW50XC91cGxvYWRzXC8yMDIyXC8xMVwvSU1HXzY3NDguanBnIiwic2xpZGVzaG93IjoiYmM1MTk5ZCJ9\" href='https:\/\/fundaciotallers.org\/wp-content\/uploads\/2022\/11\/IMG_6748.jpg'><img loading=\"lazy\" decoding=\"async\" width=\"200\" height=\"300\" src=\"https:\/\/fundaciotallers.org\/wp-content\/uploads\/2022\/11\/IMG_6748-200x300.jpg\" class=\"attachment-medium size-medium\" alt=\"\" srcset=\"https:\/\/fundaciotallers.org\/wp-content\/uploads\/2022\/11\/IMG_6748-200x300.jpg 200w, https:\/\/fundaciotallers.org\/wp-content\/uploads\/2022\/11\/IMG_6748.jpg 533w\" sizes=\"(max-width: 200px) 100vw, 200px\" \/><\/a>\n<a data-elementor-open-lightbox=\"yes\" data-elementor-lightbox-slideshow=\"bc5199d\" data-elementor-lightbox-title=\"IMG_6805\" data-e-action-hash=\"#elementor-action%3Aaction%3Dlightbox%26settings%3DeyJpZCI6MzkwMTYsInVybCI6Imh0dHBzOlwvXC9mdW5kYWNpb3RhbGxlcnMub3JnXC93cC1jb250ZW50XC91cGxvYWRzXC8yMDIyXC8xMVwvSU1HXzY4MDUuanBnIiwic2xpZGVzaG93IjoiYmM1MTk5ZCJ9\" href='https:\/\/fundaciotallers.org\/wp-content\/uploads\/2022\/11\/IMG_6805.jpg'><img loading=\"lazy\" decoding=\"async\" width=\"200\" height=\"300\" src=\"https:\/\/fundaciotallers.org\/wp-content\/uploads\/2022\/11\/IMG_6805-200x300.jpg\" class=\"attachment-medium size-medium\" alt=\"\" srcset=\"https:\/\/fundaciotallers.org\/wp-content\/uploads\/2022\/11\/IMG_6805-200x300.jpg 200w, https:\/\/fundaciotallers.org\/wp-content\/uploads\/2022\/11\/IMG_6805.jpg 533w\" sizes=\"(max-width: 200px) 100vw, 200px\" \/><\/a>\n<a data-elementor-open-lightbox=\"yes\" data-elementor-lightbox-slideshow=\"bc5199d\" data-elementor-lightbox-title=\"IMG_6756\" data-e-action-hash=\"#elementor-action%3Aaction%3Dlightbox%26settings%3DeyJpZCI6MzkwMDYsInVybCI6Imh0dHBzOlwvXC9mdW5kYWNpb3RhbGxlcnMub3JnXC93cC1jb250ZW50XC91cGxvYWRzXC8yMDIyXC8xMVwvSU1HXzY3NTYuanBnIiwic2xpZGVzaG93IjoiYmM1MTk5ZCJ9\" href='https:\/\/fundaciotallers.org\/wp-content\/uploads\/2022\/11\/IMG_6756.jpg'><img loading=\"lazy\" decoding=\"async\" width=\"200\" height=\"300\" src=\"https:\/\/fundaciotallers.org\/wp-content\/uploads\/2022\/11\/IMG_6756-200x300.jpg\" class=\"attachment-medium size-medium\" alt=\"\" srcset=\"https:\/\/fundaciotallers.org\/wp-content\/uploads\/2022\/11\/IMG_6756-200x300.jpg 200w, https:\/\/fundaciotallers.org\/wp-content\/uploads\/2022\/11\/IMG_6756.jpg 533w\" sizes=\"(max-width: 200px) 100vw, 200px\" \/><\/a>\n<a data-elementor-open-lightbox=\"yes\" data-elementor-lightbox-slideshow=\"bc5199d\" data-elementor-lightbox-title=\"IMG_6737\" data-e-action-hash=\"#elementor-action%3Aaction%3Dlightbox%26settings%3DeyJpZCI6MzkwMDQsInVybCI6Imh0dHBzOlwvXC9mdW5kYWNpb3RhbGxlcnMub3JnXC93cC1jb250ZW50XC91cGxvYWRzXC8yMDIyXC8xMVwvSU1HXzY3MzcuanBnIiwic2xpZGVzaG93IjoiYmM1MTk5ZCJ9\" href='https:\/\/fundaciotallers.org\/wp-content\/uploads\/2022\/11\/IMG_6737.jpg'><img loading=\"lazy\" decoding=\"async\" width=\"200\" height=\"300\" src=\"https:\/\/fundaciotallers.org\/wp-content\/uploads\/2022\/11\/IMG_6737-200x300.jpg\" class=\"attachment-medium size-medium\" alt=\"\" srcset=\"https:\/\/fundaciotallers.org\/wp-content\/uploads\/2022\/11\/IMG_6737-200x300.jpg 200w, https:\/\/fundaciotallers.org\/wp-content\/uploads\/2022\/11\/IMG_6737.jpg 533w\" sizes=\"(max-width: 200px) 100vw, 200px\" \/><\/a>\n<a data-elementor-open-lightbox=\"yes\" data-elementor-lightbox-slideshow=\"bc5199d\" data-elementor-lightbox-title=\"IMG_6736\" data-e-action-hash=\"#elementor-action%3Aaction%3Dlightbox%26settings%3DeyJpZCI6MzkwMDIsInVybCI6Imh0dHBzOlwvXC9mdW5kYWNpb3RhbGxlcnMub3JnXC93cC1jb250ZW50XC91cGxvYWRzXC8yMDIyXC8xMVwvSU1HXzY3MzYuanBnIiwic2xpZGVzaG93IjoiYmM1MTk5ZCJ9\" href='https:\/\/fundaciotallers.org\/wp-content\/uploads\/2022\/11\/IMG_6736.jpg'><img loading=\"lazy\" decoding=\"async\" width=\"200\" height=\"300\" src=\"https:\/\/fundaciotallers.org\/wp-content\/uploads\/2022\/11\/IMG_6736-200x300.jpg\" class=\"attachment-medium size-medium\" alt=\"\" srcset=\"https:\/\/fundaciotallers.org\/wp-content\/uploads\/2022\/11\/IMG_6736-200x300.jpg 200w, https:\/\/fundaciotallers.org\/wp-content\/uploads\/2022\/11\/IMG_6736.jpg 533w\" sizes=\"(max-width: 200px) 100vw, 200px\" \/><\/a>\n<a data-elementor-open-lightbox=\"yes\" data-elementor-lightbox-slideshow=\"bc5199d\" data-elementor-lightbox-title=\"IMG_6710\" data-e-action-hash=\"#elementor-action%3Aaction%3Dlightbox%26settings%3DeyJpZCI6Mzg5OTYsInVybCI6Imh0dHBzOlwvXC9mdW5kYWNpb3RhbGxlcnMub3JnXC93cC1jb250ZW50XC91cGxvYWRzXC8yMDIyXC8xMVwvSU1HXzY3MTAuanBnIiwic2xpZGVzaG93IjoiYmM1MTk5ZCJ9\" href='https:\/\/fundaciotallers.org\/wp-content\/uploads\/2022\/11\/IMG_6710.jpg'><img loading=\"lazy\" decoding=\"async\" width=\"200\" height=\"300\" src=\"https:\/\/fundaciotallers.org\/wp-content\/uploads\/2022\/11\/IMG_6710-200x300.jpg\" class=\"attachment-medium size-medium\" alt=\"\" srcset=\"https:\/\/fundaciotallers.org\/wp-content\/uploads\/2022\/11\/IMG_6710-200x300.jpg 200w, https:\/\/fundaciotallers.org\/wp-content\/uploads\/2022\/11\/IMG_6710.jpg 533w\" sizes=\"(max-width: 200px) 100vw, 200px\" \/><\/a>\n<a data-elementor-open-lightbox=\"yes\" data-elementor-lightbox-slideshow=\"bc5199d\" data-elementor-lightbox-title=\"IMG_6732\" data-e-action-hash=\"#elementor-action%3Aaction%3Dlightbox%26settings%3DeyJpZCI6MzkwMDAsInVybCI6Imh0dHBzOlwvXC9mdW5kYWNpb3RhbGxlcnMub3JnXC93cC1jb250ZW50XC91cGxvYWRzXC8yMDIyXC8xMVwvSU1HXzY3MzIuanBnIiwic2xpZGVzaG93IjoiYmM1MTk5ZCJ9\" href='https:\/\/fundaciotallers.org\/wp-content\/uploads\/2022\/11\/IMG_6732.jpg'><img loading=\"lazy\" decoding=\"async\" width=\"200\" height=\"300\" src=\"https:\/\/fundaciotallers.org\/wp-content\/uploads\/2022\/11\/IMG_6732-200x300.jpg\" class=\"attachment-medium size-medium\" alt=\"\" srcset=\"https:\/\/fundaciotallers.org\/wp-content\/uploads\/2022\/11\/IMG_6732-200x300.jpg 200w, https:\/\/fundaciotallers.org\/wp-content\/uploads\/2022\/11\/IMG_6732.jpg 533w\" sizes=\"(max-width: 200px) 100vw, 200px\" \/><\/a>\n<a data-elementor-open-lightbox=\"yes\" data-elementor-lightbox-slideshow=\"bc5199d\" data-elementor-lightbox-title=\"IMG_6692\" data-e-action-hash=\"#elementor-action%3Aaction%3Dlightbox%26settings%3DeyJpZCI6Mzg5OTAsInVybCI6Imh0dHBzOlwvXC9mdW5kYWNpb3RhbGxlcnMub3JnXC93cC1jb250ZW50XC91cGxvYWRzXC8yMDIyXC8xMVwvSU1HXzY2OTIuanBnIiwic2xpZGVzaG93IjoiYmM1MTk5ZCJ9\" href='https:\/\/fundaciotallers.org\/wp-content\/uploads\/2022\/11\/IMG_6692.jpg'><img loading=\"lazy\" decoding=\"async\" width=\"200\" height=\"300\" src=\"https:\/\/fundaciotallers.org\/wp-content\/uploads\/2022\/11\/IMG_6692-200x300.jpg\" class=\"attachment-medium size-medium\" alt=\"\" srcset=\"https:\/\/fundaciotallers.org\/wp-content\/uploads\/2022\/11\/IMG_6692-200x300.jpg 200w, https:\/\/fundaciotallers.org\/wp-content\/uploads\/2022\/11\/IMG_6692.jpg 533w\" sizes=\"(max-width: 200px) 100vw, 200px\" \/><\/a>\n<a data-elementor-open-lightbox=\"yes\" data-elementor-lightbox-slideshow=\"bc5199d\" data-elementor-lightbox-title=\"IMG_6687\" data-e-action-hash=\"#elementor-action%3Aaction%3Dlightbox%26settings%3DeyJpZCI6Mzg5ODgsInVybCI6Imh0dHBzOlwvXC9mdW5kYWNpb3RhbGxlcnMub3JnXC93cC1jb250ZW50XC91cGxvYWRzXC8yMDIyXC8xMVwvSU1HXzY2ODcuanBnIiwic2xpZGVzaG93IjoiYmM1MTk5ZCJ9\" href='https:\/\/fundaciotallers.org\/wp-content\/uploads\/2022\/11\/IMG_6687.jpg'><img loading=\"lazy\" decoding=\"async\" width=\"200\" height=\"300\" src=\"https:\/\/fundaciotallers.org\/wp-content\/uploads\/2022\/11\/IMG_6687-200x300.jpg\" class=\"attachment-medium size-medium\" alt=\"\" srcset=\"https:\/\/fundaciotallers.org\/wp-content\/uploads\/2022\/11\/IMG_6687-200x300.jpg 200w, https:\/\/fundaciotallers.org\/wp-content\/uploads\/2022\/11\/IMG_6687.jpg 533w\" sizes=\"(max-width: 200px) 100vw, 200px\" \/><\/a>\n<a data-elementor-open-lightbox=\"yes\" data-elementor-lightbox-slideshow=\"bc5199d\" data-elementor-lightbox-title=\"IMG_6683\" data-e-action-hash=\"#elementor-action%3Aaction%3Dlightbox%26settings%3DeyJpZCI6Mzg5ODYsInVybCI6Imh0dHBzOlwvXC9mdW5kYWNpb3RhbGxlcnMub3JnXC93cC1jb250ZW50XC91cGxvYWRzXC8yMDIyXC8xMVwvSU1HXzY2ODMuanBnIiwic2xpZGVzaG93IjoiYmM1MTk5ZCJ9\" href='https:\/\/fundaciotallers.org\/wp-content\/uploads\/2022\/11\/IMG_6683.jpg'><img loading=\"lazy\" decoding=\"async\" width=\"200\" height=\"300\" src=\"https:\/\/fundaciotallers.org\/wp-content\/uploads\/2022\/11\/IMG_6683-200x300.jpg\" class=\"attachment-medium size-medium\" alt=\"\" srcset=\"https:\/\/fundaciotallers.org\/wp-content\/uploads\/2022\/11\/IMG_6683-200x300.jpg 200w, https:\/\/fundaciotallers.org\/wp-content\/uploads\/2022\/11\/IMG_6683.jpg 533w\" sizes=\"(max-width: 200px) 100vw, 200px\" \/><\/a>\n<a data-elementor-open-lightbox=\"yes\" data-elementor-lightbox-slideshow=\"bc5199d\" data-elementor-lightbox-title=\"IMG_6676\" data-e-action-hash=\"#elementor-action%3Aaction%3Dlightbox%26settings%3DeyJpZCI6Mzg5ODQsInVybCI6Imh0dHBzOlwvXC9mdW5kYWNpb3RhbGxlcnMub3JnXC93cC1jb250ZW50XC91cGxvYWRzXC8yMDIyXC8xMVwvSU1HXzY2NzYuanBnIiwic2xpZGVzaG93IjoiYmM1MTk5ZCJ9\" href='https:\/\/fundaciotallers.org\/wp-content\/uploads\/2022\/11\/IMG_6676.jpg'><img loading=\"lazy\" decoding=\"async\" width=\"200\" height=\"300\" src=\"https:\/\/fundaciotallers.org\/wp-content\/uploads\/2022\/11\/IMG_6676-200x300.jpg\" class=\"attachment-medium size-medium\" alt=\"\" srcset=\"https:\/\/fundaciotallers.org\/wp-content\/uploads\/2022\/11\/IMG_6676-200x300.jpg 200w, https:\/\/fundaciotallers.org\/wp-content\/uploads\/2022\/11\/IMG_6676.jpg 533w\" sizes=\"(max-width: 200px) 100vw, 200px\" \/><\/a>\n<a data-elementor-open-lightbox=\"yes\" data-elementor-lightbox-slideshow=\"bc5199d\" data-elementor-lightbox-title=\"IMG_6670\" data-e-action-hash=\"#elementor-action%3Aaction%3Dlightbox%26settings%3DeyJpZCI6Mzg5ODAsInVybCI6Imh0dHBzOlwvXC9mdW5kYWNpb3RhbGxlcnMub3JnXC93cC1jb250ZW50XC91cGxvYWRzXC8yMDIyXC8xMVwvSU1HXzY2NzAuanBnIiwic2xpZGVzaG93IjoiYmM1MTk5ZCJ9\" href='https:\/\/fundaciotallers.org\/wp-content\/uploads\/2022\/11\/IMG_6670.jpg'><img loading=\"lazy\" decoding=\"async\" width=\"200\" height=\"300\" src=\"https:\/\/fundaciotallers.org\/wp-content\/uploads\/2022\/11\/IMG_6670-200x300.jpg\" class=\"attachment-medium size-medium\" alt=\"\" srcset=\"https:\/\/fundaciotallers.org\/wp-content\/uploads\/2022\/11\/IMG_6670-200x300.jpg 200w, https:\/\/fundaciotallers.org\/wp-content\/uploads\/2022\/11\/IMG_6670.jpg 533w\" sizes=\"(max-width: 200px) 100vw, 200px\" \/><\/a>\n\t\t<\/div>\n\t\t\t\t\t\t<\/div>\n\t\t\t\t<\/div>\n\t\t\t\t\t<\/div>\n\t\t<\/div>\n\t\t\t\t\t<\/div>\n\t\t<\/section>\n\t\t\t\t<\/div>\n\t\t","protected":false},"excerpt":{"rendered":"<p>Al Novembre dediquem el Calendari d\u2019Igualtat a Ana Orantes, dona que amb la seva valentia va inspirar un moviment de lluita social i gr\u00e0cies a la qual es va crear la Llei Contra la Viol\u00e8ncia de G\u00e8nere a Espanya.<\/p>\n","protected":false},"author":7,"featured_media":38951,"comment_status":"open","ping_status":"open","sticky":false,"template":"","format":"standard","meta":{"footnotes":""},"categories":[12],"tags":[129,35,117,130,128],"class_list":["post-38949","post","type-post","status-publish","format-standard","has-post-thumbnail","hentry","category-fundacio-tallers","tag-dia-mundial-de-lautisme","tag-fundacio-tallers","tag-grup-sant-pere-claver","tag-salut-mental","tag-tea"],"_links":{"self":[{"href":"https:\/\/fundaciotallers.org\/ca\/wp-json\/wp\/v2\/posts\/38949","targetHints":{"allow":["GET"]}}],"collection":[{"href":"https:\/\/fundaciotallers.org\/ca\/wp-json\/wp\/v2\/posts"}],"about":[{"href":"https:\/\/fundaciotallers.org\/ca\/wp-json\/wp\/v2\/types\/post"}],"author":[{"embeddable":true,"href":"https:\/\/fundaciotallers.org\/ca\/wp-json\/wp\/v2\/users\/7"}],"replies":[{"embeddable":true,"href":"https:\/\/fundaciotallers.org\/ca\/wp-json\/wp\/v2\/comments?post=38949"}],"version-history":[{"count":62,"href":"https:\/\/fundaciotallers.org\/ca\/wp-json\/wp\/v2\/posts\/38949\/revisions"}],"predecessor-version":[{"id":39122,"href":"https:\/\/fundaciotallers.org\/ca\/wp-json\/wp\/v2\/posts\/38949\/revisions\/39122"}],"wp:featuredmedia":[{"embeddable":true,"href":"https:\/\/fundaciotallers.org\/ca\/wp-json\/wp\/v2\/media\/38951"}],"wp:attachment":[{"href":"https:\/\/fundaciotallers.org\/ca\/wp-json\/wp\/v2\/media?parent=38949"}],"wp:term":[{"taxonomy":"category","embeddable":true,"href":"https:\/\/fundaciotallers.org\/ca\/wp-json\/wp\/v2\/categories?post=38949"},{"taxonomy":"post_tag","embeddable":true,"href":"https:\/\/fundaciotallers.org\/ca\/wp-json\/wp\/v2\/tags?post=38949"}],"curies":[{"name":"wp","href":"https:\/\/api.w.org\/{rel}","templated":true}]}}