{"id":3804,"date":"2021-01-20T09:19:51","date_gmt":"2021-01-20T09:19:51","guid":{"rendered":"https:\/\/fundaciotallers.org\/?p=3804"},"modified":"2021-01-20T09:19:51","modified_gmt":"2021-01-20T09:19:51","slug":"calendari-digualtat-gener","status":"publish","type":"post","link":"https:\/\/fundaciotallers.org\/ca\/2021\/01\/20\/calendari-digualtat-gener\/","title":{"rendered":"Calendari d\u2019igualtat. Gener"},"content":{"rendered":"<p>Igualtat d\u2019oportunitats entre dones, homes i identitats no bin\u00e0ries, conciliaci\u00f3 de la vida personal i laboral o foment de les pr\u00e0ctiques de no-discriminaci\u00f3, s\u00f3n nom\u00e9s algunes de les actuacions que es porten a terme a la Fundaci\u00f3 Tallers, dins el marc del <strong>Pla d\u2019Igualtat<\/strong>.<\/p>\n<p>Una iniciativa amb la que avancem cap a la igualtat de g\u00e8nere i cap a una manera de fer que garanteix la <strong>igualtat efectiva i real<\/strong>.<\/p>\n<p>Dins les accions portades a terme, trobem el <strong>calendari d\u2019Igualtat, un element amb una evident funci\u00f3 pr\u00e0ctica per\u00f2 que a la vegada promou el coneixement i divulgaci\u00f3 de dones i fets rellevants que han col\u00b7laborat en la transformaci\u00f3 de la societat.<\/strong><\/p>\n<p>Durant els propers 12 mesos, posarem de manifest la iniciativa, fortalesa, dilig\u00e8ncia i tamb\u00e9 valentia de <strong>12 dones gr\u00e0cies a les quals la humanitat avan\u00e7a cap a societats m\u00e9s justes i equitatives.<\/strong><\/p>\n<p>Aix\u00ed, aquest <strong>gener<\/strong>, la protagonista \u00e9s <strong>Clara Campoamor<\/strong>, advocada, escriptora i pol\u00edtica. Va ser una de les principals <strong>impulsores del sufragi femen\u00ed a Espanya i va posar sobre la taula temes com la igualtat dels fills i filles nascuts fora del matrimoni o la Llei del Divorci.<\/strong><\/p>\n<p>De fet, el dret a vot, el sufragi, encara avui dia \u00e9s un aspecte de la societat en la qual es va fent cam\u00ed. Per exemple, les <strong>persones amb Discapacitat Intel\u00b7lectual han tingut dret a votar a partir de les eleccions del 2019. Fins a la data, aquest dret era negat.<\/strong><\/p>\n<p>Gr\u00e0cies a l\u2019impuls de persones com la Clara Campoamor, es <strong>modifiquen conductes discriminat\u00f2ries i s\u2019avan\u00e7a en el cam\u00ed de construir una societat on tothom hi t\u00e9 cabuda.<\/strong><\/p>\n<p>Si vols con\u00e8ixer <strong>m\u00e9s coses sobre Clara Campoamor<\/strong>, pots llegir aquest <a href=\"https:\/\/historia.nationalgeographic.com.es\/a\/clara-campoamor-vida-lucha-por-derechos-mujer_15092\"><strong>article<\/strong><\/a> o consultar <strong>llibres<\/strong> que pots demanar a la <strong>biblioteca<\/strong> o comprar-los a la <strong>llibreria<\/strong>. Nosaltres te\u2019n diem un parell per\u00f2 n\u2019hi ha molts m\u00e9s a banda d\u2019<a href=\"https:\/\/www.rbalibros.com\/rba-no-ficcion\/clara-campoamor_4820\">aquest<\/a> o <a href=\"https:\/\/www.planetadelibros.com\/libro-la-mujer-olvidada\/10652\">aquest<\/a>.<\/p>\n<p>Tamb\u00e9 se n\u2019ha fet una pel\u00b7l\u00edcula: <strong>\u201cClara Campoamor, la dona oblidada\u201d dirigida per Laura Ma\u00f1\u00e1<\/strong> i que pots veure en <a href=\"https:\/\/www.ccma.cat\/tv3\/alacarta\/pellicules\/clara-campoamor-la-dona-oblidada\/video\/3739630\/\">aquest enlla\u00e7<\/a>.<\/p>\n<p>Pots <strong>descarregar <a href=\"https:\/\/fundaciotallers.org\/wp-content\/uploads\/2021\/01\/Calendari-2021.jpg\">aqu\u00ed<\/a> el Calendari d\u2019Igualtat<\/strong> d\u2019aquest mes de <strong>gener<\/strong>, per tenir-lo sempre a prop o posar-te\u2019l com a fons de pantalla \ud83d\ude09<\/p>\n<p>El Calendari d\u2019Igualtat <strong>tornar\u00e0 el mes de febrer amb una altra protagonista que ens ha perm\u00e8s avan\u00e7ar fins on som ara!<\/strong><\/p>\n","protected":false},"excerpt":{"rendered":"<p>Igualtat d\u2019oportunitats entre dones, homes i identitats no bin\u00e0ries, conciliaci\u00f3 de la vida personal i laboral o foment de les&hellip;<\/p>\n","protected":false},"author":2,"featured_media":3805,"comment_status":"open","ping_status":"open","sticky":false,"template":"","format":"standard","meta":{"footnotes":""},"categories":[17],"tags":[106],"class_list":["post-3804","post","type-post","status-publish","format-standard","has-post-thumbnail","hentry","category-amb-i-per-les-persones","tag-igualtat"],"_links":{"self":[{"href":"https:\/\/fundaciotallers.org\/ca\/wp-json\/wp\/v2\/posts\/3804","targetHints":{"allow":["GET"]}}],"collection":[{"href":"https:\/\/fundaciotallers.org\/ca\/wp-json\/wp\/v2\/posts"}],"about":[{"href":"https:\/\/fundaciotallers.org\/ca\/wp-json\/wp\/v2\/types\/post"}],"author":[{"embeddable":true,"href":"https:\/\/fundaciotallers.org\/ca\/wp-json\/wp\/v2\/users\/2"}],"replies":[{"embeddable":true,"href":"https:\/\/fundaciotallers.org\/ca\/wp-json\/wp\/v2\/comments?post=3804"}],"version-history":[{"count":1,"href":"https:\/\/fundaciotallers.org\/ca\/wp-json\/wp\/v2\/posts\/3804\/revisions"}],"predecessor-version":[{"id":3809,"href":"https:\/\/fundaciotallers.org\/ca\/wp-json\/wp\/v2\/posts\/3804\/revisions\/3809"}],"wp:featuredmedia":[{"embeddable":true,"href":"https:\/\/fundaciotallers.org\/ca\/wp-json\/wp\/v2\/media\/3805"}],"wp:attachment":[{"href":"https:\/\/fundaciotallers.org\/ca\/wp-json\/wp\/v2\/media?parent=3804"}],"wp:term":[{"taxonomy":"category","embeddable":true,"href":"https:\/\/fundaciotallers.org\/ca\/wp-json\/wp\/v2\/categories?post=3804"},{"taxonomy":"post_tag","embeddable":true,"href":"https:\/\/fundaciotallers.org\/ca\/wp-json\/wp\/v2\/tags?post=3804"}],"curies":[{"name":"wp","href":"https:\/\/api.w.org\/{rel}","templated":true}]}}