{"id":2420,"date":"2020-05-26T09:06:59","date_gmt":"2020-05-26T09:06:59","guid":{"rendered":"https:\/\/mmkt.dev\/tallers\/?p=2420"},"modified":"2020-06-16T09:09:06","modified_gmt":"2020-06-16T09:09:06","slug":"un-aprenentage-mutu","status":"publish","type":"post","link":"https:\/\/fundaciotallers.org\/ca\/2020\/05\/26\/un-aprenentage-mutu\/","title":{"rendered":"Un aprenentage mutu"},"content":{"rendered":"<p>Quan no \u00e9s possible una relaci\u00f3 presencial, <strong>les eines tecnol\u00f2giques representen l\u2019esperan\u00e7a comunicativa<\/strong> i un gran canal per poder facilitar la informaci\u00f3 disponible i actualitzada en tot moment.<span class=\"Apple-converted-space\">\u00a0<\/span><\/p>\n<p>Aix\u00ed doncs, des de <strong>l\u2019equip de la Unitat de Suport a l\u2019Activitat Professional de la Fundaci\u00f3 Tallers<\/strong>, s\u2019ha continuat donant m\u00e0xima prioritat al <strong>contacte amb les persones i les seves fam\u00edlies<\/strong>, treballant la informaci\u00f3 (que en ocasions tenia una durada molt ef\u00edmera) sobre temes d\u2019inter\u00e8s general i particular com <strong>recomanacions sanit\u00e0ries, seguiment de les mesures decretades, mesures sobre el confinament o desconfinament o sobre l\u2019afectaci\u00f3 de l\u2019Estat d\u2019Alarma a la Fundaci\u00f3<\/strong>, etc.<\/p>\n<p>Per fer-ho de manera m\u00e9s individualitzada i immediata <strong>s\u2019han organitzat llistes de difusi\u00f3<\/strong> de whatsapp amb els referents t\u00e8cnics de suport. D\u2019aquesta manera es facilita la <strong>informaci\u00f3 de manera puntual<\/strong> i <strong>transparent i es pot atendre a les persones treballadores i les seves fam\u00edlies<\/strong>, que saben que poden comptar amb aquest canal r\u00e0pid i directe on adre\u00e7ar necessitats, neguits o dubtes que la naturalesa de la realitat comporta.<\/p>\n<p>Tamb\u00e9 s\u2019han<strong> intensificat les comunicacions per explicar de manera personalitzada i amb antelaci\u00f3 els protocols i les actuacions de prevenci\u00f3 que s\u2019han de seguir per tornar a la feina amb tota seguretat<\/strong>, tant a les <strong>persones que formen part dels diversos Serveis Essencials que la Fundaci\u00f3 presta a la ciutadania<\/strong>, com a aquelles persones que de mica en mica es van reincorporant al lloc de treball. \u00c9s important seguir tots els passos necessaris, des de <strong>prendre\u2019s la temperatura corporal abans de sortir de casa fins als h\u00e0bits de neteja i higiene, passant per l\u2019\u00fa de guants, mascareta, la dist\u00e0ncia de seguretat de 2m o quin \u00e9s el protocol per als vehicles de treball<\/strong>, per posar uns exemples.<\/p>\n<p>Els tel\u00e8fons i les tecnologies digitals no nom\u00e9s serveixen per parlar d\u2019assumptes d\u2019informaci\u00f3 pr\u00e0ctica i protocols relacionats amb la COVID-19, sin\u00f3 que tamb\u00e9 ha estat la manera de seguir en contacte i <strong>compartir els moments feli\u00e7os, \u00fanics i decisius de la vida<\/strong> com naixements de fills o filles o jubilacions properes; <strong>per\u00f2 tamb\u00e9 per l\u2019acompanyament en processos de malaltia o de dol<\/strong> per la p\u00e8rdua d\u2019\u00e9ssers estimats i on el <strong>suport mutu i sentir-nos a prop, t\u00e9 una import\u00e0ncia capdal i resp\u00f2n a l\u2019ess\u00e8ncia humana<\/strong>.<\/p>\n<p>De forma espont\u00e0nia i volunt\u00e0ria s\u2019han <strong>multiplicat<span class=\"Apple-converted-space\">\u00a0 <\/span>els grups de WhatsApp en els equips del Centre Especial de Treball<\/strong> sorgint iniciatives d\u2019<strong>ajuda m\u00fatua<\/strong> que permeten la connexi\u00f3 social, la cura i el restabliment emocional.<\/p>\n<p>Paral\u00b7lelament, a m\u00e9s, <strong>no es deixen de banda els projectes i programes que hi havia previstos<\/strong> i que es poden implementar adaptant-los a aquesta \u201cnova normalitat\u201d. S\u2019ha <strong>repr\u00e8s el Programa de transformaci\u00f3 per a l\u2019equip de Neteja Vi\u00e0ria de la m\u00e0 de l\u2019Associaci\u00f3 DIC (Diversitat i Ciutadania)<\/strong>, on es treballa un nou estil de relacions <strong>basat en els criteris de les organitzacions \u00e0gils<\/strong>. Aspectes clau s\u00f3n l\u2019Autogesti\u00f3, la plenitud i la integritat de la persona i el prop\u00f2sit o estrat\u00e8gia evolutiva del servei o de l\u2019organitzaci\u00f3. Sobre aquest i altres projectes, en parlarem m\u00e9s acuradament properament.<\/p>\n<p>En definitiva, s\u2019est\u00e0 realitzant una <strong>feina d\u2019equip transversal<\/strong> en maj\u00fascules, d\u2019<strong>aprenentatge mutu i que requereix molts esfor\u00e7os, complicitat, comprom\u00eds, solidaritat, companyonia, generositat i honestedat<\/strong> per part de tots i totes per poder fer front a aquest temps nou, canviant i d\u2019incertesa que estem vivint.<\/p>\n<p><strong>Encarem el present i futur estrenyent lla\u00e7os i aprenent junts!<\/strong><\/p>\n<p><img fetchpriority=\"high\" decoding=\"async\" class=\"alignleft wp-image-2389 size-large\" src=\"https:\/\/fundaciotallers.org\/wp-content\/uploads\/2020\/06\/usap_article_covid-1024x626-1.jpg\" alt=\"\" width=\"1024\" height=\"626\" \/><\/p>\n","protected":false},"excerpt":{"rendered":"<p>Quan no \u00e9s possible una relaci\u00f3 presencial, les eines tecnol\u00f2giques representen l\u2019esperan\u00e7a comunicativa i un gran canal per poder facilitar&hellip;<\/p>\n","protected":false},"author":2,"featured_media":2421,"comment_status":"open","ping_status":"open","sticky":false,"template":"","format":"standard","meta":{"footnotes":""},"categories":[95,12],"tags":[96],"class_list":["post-2420","post","type-post","status-publish","format-standard","has-post-thumbnail","hentry","category-covid19","category-fundacio-tallers","tag-covid19"],"_links":{"self":[{"href":"https:\/\/fundaciotallers.org\/ca\/wp-json\/wp\/v2\/posts\/2420","targetHints":{"allow":["GET"]}}],"collection":[{"href":"https:\/\/fundaciotallers.org\/ca\/wp-json\/wp\/v2\/posts"}],"about":[{"href":"https:\/\/fundaciotallers.org\/ca\/wp-json\/wp\/v2\/types\/post"}],"author":[{"embeddable":true,"href":"https:\/\/fundaciotallers.org\/ca\/wp-json\/wp\/v2\/users\/2"}],"replies":[{"embeddable":true,"href":"https:\/\/fundaciotallers.org\/ca\/wp-json\/wp\/v2\/comments?post=2420"}],"version-history":[{"count":1,"href":"https:\/\/fundaciotallers.org\/ca\/wp-json\/wp\/v2\/posts\/2420\/revisions"}],"predecessor-version":[{"id":2427,"href":"https:\/\/fundaciotallers.org\/ca\/wp-json\/wp\/v2\/posts\/2420\/revisions\/2427"}],"wp:featuredmedia":[{"embeddable":true,"href":"https:\/\/fundaciotallers.org\/ca\/wp-json\/wp\/v2\/media\/2421"}],"wp:attachment":[{"href":"https:\/\/fundaciotallers.org\/ca\/wp-json\/wp\/v2\/media?parent=2420"}],"wp:term":[{"taxonomy":"category","embeddable":true,"href":"https:\/\/fundaciotallers.org\/ca\/wp-json\/wp\/v2\/categories?post=2420"},{"taxonomy":"post_tag","embeddable":true,"href":"https:\/\/fundaciotallers.org\/ca\/wp-json\/wp\/v2\/tags?post=2420"}],"curies":[{"name":"wp","href":"https:\/\/api.w.org\/{rel}","templated":true}]}}