{"id":2371,"date":"2020-05-05T08:40:06","date_gmt":"2020-05-05T08:40:06","guid":{"rendered":"https:\/\/mmkt.dev\/tallers\/?p=2371"},"modified":"2020-06-16T08:54:17","modified_gmt":"2020-06-16T08:54:17","slug":"el-nostre-dia-a-dia-alex-i-alberto","status":"publish","type":"post","link":"https:\/\/fundaciotallers.org\/ca\/2020\/05\/05\/el-nostre-dia-a-dia-alex-i-alberto\/","title":{"rendered":"El nostre dia a dia: \u00c0lex i Alberto"},"content":{"rendered":"<p>Un amant dels autom\u00f2bils Ferrari que t\u00e9 l\u2019habitaci\u00f3 en unes acollidores golfes. Aix\u00ed \u00e9s l\u2019<strong>\u00c0lex<\/strong>, que passa aquests dies de confinament <strong>fent activitats i tamb\u00e9 moltes estones davant l\u2019ordinador<\/strong>.<\/p>\n<p>Ho explica a l\u2019<strong>Andrea<\/strong> i la <strong>Montse<\/strong>, <strong>educadora i pedagoga<\/strong> respectivament, en una videotrucada on a m\u00e9s tamb\u00e9 s\u2019ha parlat de com <strong>es troben a faltar companys de taller com l\u2019Alberto o el Miguel<\/strong>, ara que no es poden veure cada dia.<span class=\"Apple-converted-space\">\u00a0<\/span><\/p>\n<p>Per la seva banda, l\u2019<strong>Alberto fa exercici amb una bicicleta est\u00e0tica<\/strong> nova que li ha fet especial il\u00b7lusi\u00f3, tamb\u00e9 <strong>balla<\/strong> i realitza totes les <strong>propostes del planning setmanal<\/strong> que els professionals del Centre Ocupacional de la Fundaci\u00f3 Tallers elaboren setmana a setmana.<\/p>\n<p>A m\u00e9s, \u00e9s <strong>puntual a la cita dels aplaudiments<\/strong> diaris de les 20h i tant ell com la seva mare que en algun moment s\u2019afegeix a la conversa, expliquen que <strong>estan portant prou b\u00e9 l\u2019estranya situaci\u00f3 d\u2019aquests dies<\/strong>.<\/p>\n<p>L\u2019<strong>Andrea (Educadora)<\/strong> i la <strong>Tamara (Treballadora Social)<\/strong> li proposen tamb\u00e9 de f<strong>er una trucada amb altres companys de la Fundaci\u00f3 com l\u2019\u00c0lex<\/strong> per aix\u00ed posar-se al dia.<\/p>\n<p>Fem una petita ullada en dues de les <strong>videotrucades<\/strong> que es fan d<strong>e manera habitual entre l\u2019equip professional del centre ocupacional i les persones ateses<\/strong>. Una de les maneres de continuar al costat de les persones i les seves fam\u00edlies en aquests temps en que l\u2019activitat relacional i habitual s\u2019ha vist alterada.<\/p>\n<div id=\"attachment_2295\" style=\"width: 176px\" class=\"wp-caption alignleft\"><img decoding=\"async\" aria-describedby=\"caption-attachment-2295\" class=\"wp-image-2295 size-medium\" src=\"https:\/\/fundaciotallers.org\/wp-content\/uploads\/2020\/06\/seguiment_04-568x1024-1.jpg\" alt=\"\" width=\"166\" height=\"300\" \/><p id=\"caption-attachment-2295\" class=\"wp-caption-text\">La Tamara (Treballadora Social) al costat de l&#8217;Alberto i a la part de sota, l&#8217;Andrea (Educadora).<\/p><\/div>\n<div id=\"attachment_2292\" style=\"width: 176px\" class=\"wp-caption alignleft\"><img decoding=\"async\" aria-describedby=\"caption-attachment-2292\" class=\"wp-image-2292 size-medium\" src=\"https:\/\/fundaciotallers.org\/wp-content\/uploads\/2020\/06\/seguiment_03-568x1024-1.jpg\" alt=\"\" width=\"166\" height=\"300\" \/><p id=\"caption-attachment-2292\" class=\"wp-caption-text\">L&#8217;\u00c0lex, al seu costat la Montse (Pedagoga) i l&#8217;Andrea a la part de baix.<\/p><\/div>\n","protected":false},"excerpt":{"rendered":"<p>Un amant dels autom\u00f2bils Ferrari que t\u00e9 l\u2019habitaci\u00f3 en unes acollidores golfes. Aix\u00ed \u00e9s l\u2019\u00c0lex, que passa aquests dies de&hellip;<\/p>\n","protected":false},"author":2,"featured_media":2381,"comment_status":"open","ping_status":"open","sticky":false,"template":"","format":"standard","meta":{"footnotes":""},"categories":[95,12],"tags":[96],"class_list":["post-2371","post","type-post","status-publish","format-standard","has-post-thumbnail","hentry","category-covid19","category-fundacio-tallers","tag-covid19"],"_links":{"self":[{"href":"https:\/\/fundaciotallers.org\/ca\/wp-json\/wp\/v2\/posts\/2371","targetHints":{"allow":["GET"]}}],"collection":[{"href":"https:\/\/fundaciotallers.org\/ca\/wp-json\/wp\/v2\/posts"}],"about":[{"href":"https:\/\/fundaciotallers.org\/ca\/wp-json\/wp\/v2\/types\/post"}],"author":[{"embeddable":true,"href":"https:\/\/fundaciotallers.org\/ca\/wp-json\/wp\/v2\/users\/2"}],"replies":[{"embeddable":true,"href":"https:\/\/fundaciotallers.org\/ca\/wp-json\/wp\/v2\/comments?post=2371"}],"version-history":[{"count":1,"href":"https:\/\/fundaciotallers.org\/ca\/wp-json\/wp\/v2\/posts\/2371\/revisions"}],"predecessor-version":[{"id":2384,"href":"https:\/\/fundaciotallers.org\/ca\/wp-json\/wp\/v2\/posts\/2371\/revisions\/2384"}],"wp:featuredmedia":[{"embeddable":true,"href":"https:\/\/fundaciotallers.org\/ca\/wp-json\/wp\/v2\/media\/2381"}],"wp:attachment":[{"href":"https:\/\/fundaciotallers.org\/ca\/wp-json\/wp\/v2\/media?parent=2371"}],"wp:term":[{"taxonomy":"category","embeddable":true,"href":"https:\/\/fundaciotallers.org\/ca\/wp-json\/wp\/v2\/categories?post=2371"},{"taxonomy":"post_tag","embeddable":true,"href":"https:\/\/fundaciotallers.org\/ca\/wp-json\/wp\/v2\/tags?post=2371"}],"curies":[{"name":"wp","href":"https:\/\/api.w.org\/{rel}","templated":true}]}}