{"id":1961,"date":"2020-02-13T11:23:32","date_gmt":"2020-02-13T11:23:32","guid":{"rendered":"https:\/\/fundaciotallers.org\/?p=1961"},"modified":"2020-02-13T11:23:32","modified_gmt":"2020-02-13T11:23:32","slug":"el-projecte-doci-inclusiu-a-el-mirall","status":"publish","type":"post","link":"https:\/\/fundaciotallers.org\/ca\/2020\/02\/13\/el-projecte-doci-inclusiu-a-el-mirall\/","title":{"rendered":"El projecte d&#8217;oci inclusiu a El Mirall"},"content":{"rendered":"<p>La publicaci\u00f3 de refer\u00e8ncia de Santa Coloma de Gramenet, El Mirall.net dedica una p\u00e0gina sencera a parlar del nostre projecte d&#8217;oci inclusiu, una proposta pionera que aporta beneficis a les persones i a la ciutadania, esdevenint una poblaci\u00f3 m\u00e9s humana, plural i diversa.<\/p>\n<p><img fetchpriority=\"high\" decoding=\"async\" class=\"alignleft wp-image-1962 size-full\" src=\"https:\/\/fundaciotallers.org\/wp-content\/uploads\/2020\/02\/el_mirall.jpg\" alt=\"\" width=\"3097\" height=\"4347\" srcset=\"https:\/\/fundaciotallers.org\/wp-content\/uploads\/2020\/02\/el_mirall.jpg 3097w, https:\/\/fundaciotallers.org\/wp-content\/uploads\/2020\/02\/el_mirall-214x300.jpg 214w, https:\/\/fundaciotallers.org\/wp-content\/uploads\/2020\/02\/el_mirall-768x1078.jpg 768w, https:\/\/fundaciotallers.org\/wp-content\/uploads\/2020\/02\/el_mirall-730x1024.jpg 730w\" sizes=\"(max-width: 3097px) 100vw, 3097px\" \/><\/p>\n","protected":false},"excerpt":{"rendered":"<p>La publicaci\u00f3 de refer\u00e8ncia de Santa Coloma de Gramenet, El Mirall.net dedica una p\u00e0gina sencera a parlar del nostre projecte&hellip;<\/p>\n","protected":false},"author":2,"featured_media":1965,"comment_status":"open","ping_status":"open","sticky":false,"template":"","format":"standard","meta":{"footnotes":""},"categories":[20,31],"tags":[],"class_list":["post-1961","post","type-post","status-publish","format-standard","has-post-thumbnail","hentry","category-centre-ocupacional","category-comunitat"],"_links":{"self":[{"href":"https:\/\/fundaciotallers.org\/ca\/wp-json\/wp\/v2\/posts\/1961","targetHints":{"allow":["GET"]}}],"collection":[{"href":"https:\/\/fundaciotallers.org\/ca\/wp-json\/wp\/v2\/posts"}],"about":[{"href":"https:\/\/fundaciotallers.org\/ca\/wp-json\/wp\/v2\/types\/post"}],"author":[{"embeddable":true,"href":"https:\/\/fundaciotallers.org\/ca\/wp-json\/wp\/v2\/users\/2"}],"replies":[{"embeddable":true,"href":"https:\/\/fundaciotallers.org\/ca\/wp-json\/wp\/v2\/comments?post=1961"}],"version-history":[{"count":1,"href":"https:\/\/fundaciotallers.org\/ca\/wp-json\/wp\/v2\/posts\/1961\/revisions"}],"predecessor-version":[{"id":1968,"href":"https:\/\/fundaciotallers.org\/ca\/wp-json\/wp\/v2\/posts\/1961\/revisions\/1968"}],"wp:featuredmedia":[{"embeddable":true,"href":"https:\/\/fundaciotallers.org\/ca\/wp-json\/wp\/v2\/media\/1965"}],"wp:attachment":[{"href":"https:\/\/fundaciotallers.org\/ca\/wp-json\/wp\/v2\/media?parent=1961"}],"wp:term":[{"taxonomy":"category","embeddable":true,"href":"https:\/\/fundaciotallers.org\/ca\/wp-json\/wp\/v2\/categories?post=1961"},{"taxonomy":"post_tag","embeddable":true,"href":"https:\/\/fundaciotallers.org\/ca\/wp-json\/wp\/v2\/tags?post=1961"}],"curies":[{"name":"wp","href":"https:\/\/api.w.org\/{rel}","templated":true}]}}