{"id":1814,"date":"2019-11-04T07:39:25","date_gmt":"2019-11-04T07:39:25","guid":{"rendered":"https:\/\/fundaciotallers.org\/?p=1814"},"modified":"2019-11-04T07:48:54","modified_gmt":"2019-11-04T07:48:54","slug":"voluntariat-complicitat-i-compromis","status":"publish","type":"post","link":"https:\/\/fundaciotallers.org\/ca\/2019\/11\/04\/voluntariat-complicitat-i-compromis\/","title":{"rendered":"Voluntariat: complicitat i comprom\u00eds"},"content":{"rendered":"<p><span style=\"font-weight: 400;\">Persones d\u2019arreu d\u2019Europa volen formar part de l\u2019equip de voluntariat de la Fundaci\u00f3 Tallers. A trav\u00e9s del programa <strong>European Solidarity Corps<\/strong> i per segona temporada consecutiva, joves d\u2019entre 18 i 30 anys fan una estada amb nosaltres.<\/span><\/p>\n<p><span style=\"font-weight: 400;\">S\u2019allotgen amb fam\u00edlies que els proporcionen xarxa, calidesa i escalfor i durant la jornada venen a la Fundaci\u00f3 a realitzar <strong>tasques de voluntariat<\/strong> amb les persones amb discapacitat intel\u00b7lectual i\/o problemes de salut mental.<\/span><\/p>\n<p><span style=\"font-weight: 400;\">La Seri i en Romain ens van acompanyar durant la temporada passada i asseguren endur-se una maleta plena d\u2019<strong>experi\u00e8ncies viscudes i sentides<\/strong> que ja forma part de la seva persona.<\/span><\/p>\n<p><span style=\"font-weight: 400;\">Aquest any \u00e9s el torn d\u2019en Richard, la Daria, la Jana i l\u2019Elisa, des d\u2019<strong>\u00c0ustria<\/strong>, <strong>Alemanya<\/strong>, <strong>R\u00fassia<\/strong> i <strong>It\u00e0lia<\/strong>, que han arribat fa unes setmanes.<\/span><\/p>\n<p><span style=\"font-weight: 400;\">La Fundaci\u00f3 per\u00f2, compta amb una important xarxa de voluntariat local, en David, la Marta i la Teresa, s\u00f3n tres persones <strong>volunt\u00e0ries del servei d\u2019oci inclusiu<\/strong> que dediquen una part del seu temps a donar suport d\u2019una manera o una altra i parlen d\u2019aquesta manera de la seva experi\u00e8ncia:<\/span><\/p>\n<p>&nbsp;<\/p>\n<p><strong>\u201cLa major recompensa me l\u2019enduc jo: la il\u00b7lusi\u00f3, alegria, esfor\u00e7 i empenta que mostren aquests joves \u00e9s la millor lli\u00e7\u00f3 que et pot donar la vida\u201d.<\/strong><\/p>\n<p><span style=\"font-weight: 400;\">David Hern\u00e1ndez<\/span><\/p>\n<p>&nbsp;<\/p>\n<p><strong>\u00a0\u201cDespr\u00e9s de participar en el servei d\u2019oci de la Fundaci\u00f3 Tallers com a acompanyant, vaig sentir la necessitat d\u2019aportar alguna des d\u2019un altre lloc i compartir els meus coneixements amb les persones que hi havia conegut\u201d<\/strong><\/p>\n<p><span style=\"font-weight: 400;\">Marta Blanch<\/span><\/p>\n<p>&nbsp;<\/p>\n<p><strong>\u201cEl tiempo que dedico me da mucha satisfacci\u00f3n. He conocido gente nueva, se han creado v\u00ednculos, me ha aportado tambi\u00e9n diversi\u00f3n y plenitud a mi vida\u201d.<\/strong><\/p>\n<p><span style=\"font-weight: 400;\">Teresa Guijarro<\/span><\/p>\n<p>&nbsp;<\/p>\n<p><span style=\"font-weight: 400;\">Tothom qui en forma part coincideix a destacar que \u00e9s una activitat que beneficia a tothom: l\u2019empatia, la humanitat, les ganes de socialitzar, de con\u00e8ixer realitats diverses i de sentir-se \u00fatil s\u00f3n enormes i la recompensa del <strong>benestar<\/strong> tant per la persona que \u00e9s usu\u00e0ria del voluntariat com de la persona que l\u2019ofereix \u00e9s <strong>inq\u00fcestionable<\/strong>.<\/span><\/p>\n<p><span style=\"font-weight: 400;\">Cada persona volunt\u00e0ria, ho \u00e9s a la seva manera: hi ha qui dedica el seu temps a <strong>acompanyar, donar suport<\/strong> i establir complicitat, i hi ha qui posa a disposici\u00f3 de la Fundaci\u00f3 els seus<strong> coneixements i habilitats professionals<\/strong>.\u00a0<\/span><\/p>\n<p><span style=\"font-weight: 400;\">Entre l\u2019equip de voluntariat trobem entrenadores i entrenadors de Zumba, de b\u00e0squet, de karate, talleristes professionals del m\u00f3n de la cuina i les manualitats, del m\u00f3n del m\u00e0rqueting, de la fotografia, de l\u2019audiovisual, de la sanitat, de l\u2019hostaleria, del transport, del comer\u00e7 i de tants i tants \u00e0mbits!<\/span><\/p>\n<p><span style=\"font-weight: 400;\">Mira els testimonis d\u2019algunes de les persones volunt\u00e0ries del servei d\u2019oci aqu\u00ed i <strong>suma\u2019t a l\u2019equip de voluntariat<\/strong> escrivint a\u00a0 <strong>vo&#108;&#117;&#110;&#x74;&#x61;&#x72;&#x69;&#x61;t&#64;&#102;&#117;&#110;&#x64;&#x61;&#x63;&#x69;&#x6f;ta&#108;&#108;&#101;&#x72;&#x73;&#x2e;&#x6f;&#x72;g<\/strong><\/span><\/p>\n<p>&nbsp;<\/p>\n<p><a href=\"https:\/\/www.youtube.com\/watch?v=cUNu8yLCHOw&amp;list=PLzxKJtKHS0Lc8PaPQzqUdHowcUd2QNu2_\" target=\"_blank\" rel=\"noopener\"><img fetchpriority=\"high\" decoding=\"async\" class=\"aligncenter wp-image-1815 size-full\" src=\"https:\/\/fundaciotallers.org\/wp-content\/uploads\/2019\/11\/newsletter_videos_voluntariat.jpg\" alt=\"\" width=\"813\" height=\"457\" srcset=\"https:\/\/fundaciotallers.org\/wp-content\/uploads\/2019\/11\/newsletter_videos_voluntariat.jpg 813w, https:\/\/fundaciotallers.org\/wp-content\/uploads\/2019\/11\/newsletter_videos_voluntariat-300x169.jpg 300w, https:\/\/fundaciotallers.org\/wp-content\/uploads\/2019\/11\/newsletter_videos_voluntariat-768x432.jpg 768w\" sizes=\"(max-width: 813px) 100vw, 813px\" \/><\/a><\/p>\n","protected":false},"excerpt":{"rendered":"<p>Persones d\u2019arreu d\u2019Europa volen formar part de l\u2019equip de voluntariat de la Fundaci\u00f3 Tallers. A trav\u00e9s del programa European Solidarity&hellip;<\/p>\n","protected":false},"author":2,"featured_media":1818,"comment_status":"open","ping_status":"open","sticky":false,"template":"","format":"standard","meta":{"footnotes":""},"categories":[17,20,31,12,30],"tags":[],"class_list":["post-1814","post","type-post","status-publish","format-standard","has-post-thumbnail","hentry","category-amb-i-per-les-persones","category-centre-ocupacional","category-comunitat","category-fundacio-tallers","category-voluntariat"],"_links":{"self":[{"href":"https:\/\/fundaciotallers.org\/ca\/wp-json\/wp\/v2\/posts\/1814","targetHints":{"allow":["GET"]}}],"collection":[{"href":"https:\/\/fundaciotallers.org\/ca\/wp-json\/wp\/v2\/posts"}],"about":[{"href":"https:\/\/fundaciotallers.org\/ca\/wp-json\/wp\/v2\/types\/post"}],"author":[{"embeddable":true,"href":"https:\/\/fundaciotallers.org\/ca\/wp-json\/wp\/v2\/users\/2"}],"replies":[{"embeddable":true,"href":"https:\/\/fundaciotallers.org\/ca\/wp-json\/wp\/v2\/comments?post=1814"}],"version-history":[{"count":5,"href":"https:\/\/fundaciotallers.org\/ca\/wp-json\/wp\/v2\/posts\/1814\/revisions"}],"predecessor-version":[{"id":1827,"href":"https:\/\/fundaciotallers.org\/ca\/wp-json\/wp\/v2\/posts\/1814\/revisions\/1827"}],"wp:featuredmedia":[{"embeddable":true,"href":"https:\/\/fundaciotallers.org\/ca\/wp-json\/wp\/v2\/media\/1818"}],"wp:attachment":[{"href":"https:\/\/fundaciotallers.org\/ca\/wp-json\/wp\/v2\/media?parent=1814"}],"wp:term":[{"taxonomy":"category","embeddable":true,"href":"https:\/\/fundaciotallers.org\/ca\/wp-json\/wp\/v2\/categories?post=1814"},{"taxonomy":"post_tag","embeddable":true,"href":"https:\/\/fundaciotallers.org\/ca\/wp-json\/wp\/v2\/tags?post=1814"}],"curies":[{"name":"wp","href":"https:\/\/api.w.org\/{rel}","templated":true}]}}