{"id":1718,"date":"2019-08-05T09:23:14","date_gmt":"2019-08-05T09:23:14","guid":{"rendered":"https:\/\/fundaciotallers.org\/?p=1718"},"modified":"2019-08-05T09:23:14","modified_gmt":"2019-08-05T09:23:14","slug":"marxem-de-viatge","status":"publish","type":"post","link":"https:\/\/fundaciotallers.org\/ca\/2019\/08\/05\/marxem-de-viatge\/","title":{"rendered":"Marxem de viatge!"},"content":{"rendered":"<p>Un professional en exclusiva per a cada persona que ho necessiti i una proporci\u00f3 mitjana d\u2019una educadora o educador per cada tres persones, \u00e9s l\u2019<strong>equip expert<\/strong> que passar\u00e0 72 hores amb persones usu\u00e0ries del Centre Ocupacional de la Fundaci\u00f3 Tallers en el <strong>viatge anual<\/strong> que s\u2019organitza quan arriba el bon temps primaveral.<\/p>\n<p>Decidir la destinaci\u00f3, pensar qu\u00e8 vestir, fer la maleta i arribar al lloc on passar les vacances. Sensacions <strong>il\u00b7lusionants<\/strong> que notem quan estem uns dies fora de l\u2019entorn habitual, quan no dormim a casa i canviem alguns dels h\u00e0bits quotidians per realitzar activitats com anar a <strong>nedar, passejar tranquil\u00b7lament, prendre un gelat o desmelenar-nos en una pista de ball<\/strong>.<\/p>\n<p>Les <strong>130 persones<\/strong> que aquest any han participat del viatge van poder escollir entre diverses destinacions i finalment van ser tres les localitats guanyadores: <strong>Santa Susanna, Malgrat de Mar i Salou (amb visita a Port Aventura inclosa!)<\/strong>.<\/p>\n<p>L\u2019allotjament \u00e9s en un<strong> hotel amb pensi\u00f3 completa<\/strong> per\u00f2 a qui li afavoreix un entorn m\u00e9s tranquil, amb menys brogit i activitats m\u00e9s calmades, hi ha l\u2019opci\u00f3 de fer l\u2019estada en <strong>bungalows en un camping<\/strong>.<br \/>\nPer la majoria d\u2019aquestes persones, \u00e9s el moment m\u00e9s esperat perqu\u00e8 la resta de l\u2019any no tenen la possibilitat de realitzar aquest tipus de sortides.<\/p>\n<p>Els beneficis de passar uns dies fora de casa son molts. D\u2019entrada es fa evident la gran predisposici\u00f3 a <strong>establir relacions<\/strong> amb tothom, parlar amb el personal de l\u2019allotjament i amb la resta de clients, la llibertat de sentir no ser a casa, estar de vacances i disposar d\u2019un ventall de possibilitats amb propostes per fer i descobrir.<\/p>\n<p>Tres dies de <strong>fomentar l\u2019autonomia<\/strong> fent coses que a casa ens donen fet, com per exemple desfer la maleta i endre\u00e7ar la roba, saber posar en un bol els cereals per esmorzar o tastar begudes i plats fins ara desconeguts.<br \/>\nCompartir habitaci\u00f3 amb les amigues i amics amb qui et trobes cada dia, sentir que pots fer el que vulguis, que pots <strong>decidir<\/strong> si ara vols un cocktail (ep! sense alcohol) o prefereixes fer una <strong>migdiada o caminar<\/strong> per la platja. Notar com fas all\u00f2 que durant l\u2019any no tens oportunitat de fer i que ara que ho pots tastar, et sents <strong>m\u00e9s part\u00edcip de la societat<\/strong>.<\/p>\n","protected":false},"excerpt":{"rendered":"<p>Un professional en exclusiva per a cada persona que ho necessiti i una proporci\u00f3 mitjana d\u2019una educadora o educador per&hellip;<\/p>\n","protected":false},"author":2,"featured_media":1719,"comment_status":"open","ping_status":"open","sticky":false,"template":"","format":"standard","meta":{"footnotes":""},"categories":[17,16,20,9,12,32,15,19],"tags":[],"class_list":["post-1718","post","type-post","status-publish","format-standard","has-post-thumbnail","hentry","category-amb-i-per-les-persones","category-badia-del-valles","category-centre-ocupacional","category-discapacitat","category-fundacio-tallers","category-persones","category-santa-coloma-de-gramenet","category-valor-social"],"_links":{"self":[{"href":"https:\/\/fundaciotallers.org\/ca\/wp-json\/wp\/v2\/posts\/1718","targetHints":{"allow":["GET"]}}],"collection":[{"href":"https:\/\/fundaciotallers.org\/ca\/wp-json\/wp\/v2\/posts"}],"about":[{"href":"https:\/\/fundaciotallers.org\/ca\/wp-json\/wp\/v2\/types\/post"}],"author":[{"embeddable":true,"href":"https:\/\/fundaciotallers.org\/ca\/wp-json\/wp\/v2\/users\/2"}],"replies":[{"embeddable":true,"href":"https:\/\/fundaciotallers.org\/ca\/wp-json\/wp\/v2\/comments?post=1718"}],"version-history":[{"count":2,"href":"https:\/\/fundaciotallers.org\/ca\/wp-json\/wp\/v2\/posts\/1718\/revisions"}],"predecessor-version":[{"id":1723,"href":"https:\/\/fundaciotallers.org\/ca\/wp-json\/wp\/v2\/posts\/1718\/revisions\/1723"}],"wp:featuredmedia":[{"embeddable":true,"href":"https:\/\/fundaciotallers.org\/ca\/wp-json\/wp\/v2\/media\/1719"}],"wp:attachment":[{"href":"https:\/\/fundaciotallers.org\/ca\/wp-json\/wp\/v2\/media?parent=1718"}],"wp:term":[{"taxonomy":"category","embeddable":true,"href":"https:\/\/fundaciotallers.org\/ca\/wp-json\/wp\/v2\/categories?post=1718"},{"taxonomy":"post_tag","embeddable":true,"href":"https:\/\/fundaciotallers.org\/ca\/wp-json\/wp\/v2\/tags?post=1718"}],"curies":[{"name":"wp","href":"https:\/\/api.w.org\/{rel}","templated":true}]}}