{"id":1704,"date":"2019-07-30T08:12:59","date_gmt":"2019-07-30T08:12:59","guid":{"rendered":"https:\/\/fundaciotallers.org\/?p=1704"},"modified":"2019-07-30T08:31:36","modified_gmt":"2019-07-30T08:31:36","slug":"paola-dos-mesos-democions-a-la-fundacio-tallers","status":"publish","type":"post","link":"https:\/\/fundaciotallers.org\/ca\/2019\/07\/30\/paola-dos-mesos-democions-a-la-fundacio-tallers\/","title":{"rendered":"Paola: dos mesos d&#8217;emocions a la Fundaci\u00f3 Tallers"},"content":{"rendered":"<p>Traslladar-se a Barcelona, compartir pis amb altres estudiants i agafar cada dia el metro per venir a fer pr\u00e0ctiques a Santa Coloma de Gramenet. Damunt el paper, aix\u00f2 \u00e9s el que ha fet durant els darrers 60 dies la <strong>Paola<\/strong>, una noia americana que ha fet pr\u00e0ctiques al Centre Ocupacional de la Fundaci\u00f3 Tallers.<\/p>\n<p>La realitat fora del paper sempre \u00e9s m\u00e9s <strong>\u00e0mplia i enriquidora<\/strong>. I \u00e9s que la hist\u00f2ria de la Paola amb la Fundaci\u00f3 t\u00e9 una forta c\u00e0rrega de magnetisme i emoci\u00f3.<\/p>\n<p>La Paola Lopez t\u00e9 21 anys i \u00e9s d\u2019<strong>Austin, Texas<\/strong>. El castell\u00e0 fluid li prov\u00e9 de casa. La mare i el pare s\u00f3n provinents de M\u00e8xic, tot i que entre ells normalment parlen en angl\u00e8s.<br \/>\nUna de les primeres coses que explica la Paola \u00e9s que est\u00e0 aqu\u00ed perqu\u00e8 ha volgut fer pr\u00e0ctiques fora dels Estats Units a trav\u00e9s de <strong>Study Abroad Services (SAS)<\/strong>. Ella \u00e9s estudiant de <strong>Psicologia<\/strong> a la <strong>Texas A&amp;M University Corpus Christi<\/strong> i acabar\u00e0 els seus estudis aquest desembre.<\/p>\n<p>Fins aqu\u00ed podr\u00edem pensar que estem davant d\u2019una <strong>ment inquieta<\/strong> (que ho \u00e9s), per\u00f2 quan comen\u00e7a a explicar la seva experi\u00e8ncia, surt a la llum que l\u2019estada a Tallers tamb\u00e9 \u00e9s fruit d\u2019una experi\u00e8ncia m\u00e9s personal. Explica que la seva <strong>germana<\/strong> pateix depressi\u00f3 i volia veure realitats en altres pa\u00efsos per comparar maneres de tractar a les <strong>persones<\/strong>. S\u2019emociona quan en parla i se li fa dif\u00edcil posar-hi paraules.<br \/>\nDespr\u00e9s de la seva experi\u00e8ncia ho sintetitza aix\u00ed: <strong>\u201cTant de bo la meva germana estigu\u00e9s aqu\u00ed a la Fundaci\u00f3 Tallers\u201d<\/strong>.<\/p>\n<p><strong>\u201cAqu\u00ed es tracta a tothom igual. Hi ha una bona acollida i afecte per a tothom\u201d<\/strong>, aquesta \u00e9s una de les coses que m\u00e9s destaca, per\u00f2 no \u00e9s l\u2019\u00fanica. De fet, valora la seva viv\u00e8ncia m\u00e9s que positiva. <strong>\u201cHe vingut sola aqu\u00ed i des del primer dia a la porta sempre hi ha alg\u00fa que m\u2019espera i em saluda. \u00c9s com si no fos dels Estats Units\u201d<\/strong>.<\/p>\n<p>La Paola transmet calidesa humana des del primer cop d\u2019ull, \u00e9s de les persones que valoren el dia a dia i les petites coses.<br \/>\nAmb alegria i emoci\u00f3 explica que l\u2019Emilio (un usuari del Centre Ocupacional) li pregunta cada dia com es diu, ella cada dia li fa l\u2019exercici d\u2019explicar-li\u2026 fins que un dia l\u2019Emilio li diu <strong>\u201cet conec!\u201d<\/strong>.<\/p>\n<p>Tamb\u00e9 parla molt positivament del projecte d\u2019oci: <strong>\u201cQuan fas activitats inclusives dins de la ciutadania amb persones amb discapacitat intel\u00b7lectual o malaltia mental, es reconeix el grup pel carrer i els ve\u00efns i ve\u00efnes saluden contents. M\u2019encanta anar a la piscina o prendre alguna cosa\u201d<\/strong>.<\/p>\n<p>Per acabar la conversa, parlem de com li explicaria a alg\u00fa qu\u00e8 \u00e9s el que es trobar\u00e0 si ve a la Fundaci\u00f3 Tallers:<br \/>\n<strong>\u201cTrobar\u00e0s les persones m\u00e9s altruistes que coneixer\u00e0s en la teva vida, aprendr\u00e0s a posar els altres per davant de tu mateixa. La quantitat d\u2019estima que hi ha en tot l\u2019edifici no la trobar\u00e0s enlloc m\u00e9s. I m\u2019encanta. No vull marxar, de fet\u201d<\/strong>.<\/p>\n<p>Tot d\u2019emocions viscudes en just 60 dies. Lluny dels seus, per\u00f2 sentint-se com a casa. Ara \u00e9s hora de tornar a Austin, d\u2019acabar els estudis i reprendre la traject\u00f2ria professional que s\u2019endevina prometedora i amb vocaci\u00f3 de servei a les persones.<\/p>\n","protected":false},"excerpt":{"rendered":"<p>Traslladar-se a Barcelona, compartir pis amb altres estudiants i agafar cada dia el metro per venir a fer pr\u00e0ctiques a&hellip;<\/p>\n","protected":false},"author":2,"featured_media":1709,"comment_status":"open","ping_status":"open","sticky":false,"template":"","format":"standard","meta":{"footnotes":""},"categories":[17,20,31,12,32,15,19],"tags":[],"class_list":["post-1704","post","type-post","status-publish","format-standard","has-post-thumbnail","hentry","category-amb-i-per-les-persones","category-centre-ocupacional","category-comunitat","category-fundacio-tallers","category-persones","category-santa-coloma-de-gramenet","category-valor-social"],"_links":{"self":[{"href":"https:\/\/fundaciotallers.org\/ca\/wp-json\/wp\/v2\/posts\/1704","targetHints":{"allow":["GET"]}}],"collection":[{"href":"https:\/\/fundaciotallers.org\/ca\/wp-json\/wp\/v2\/posts"}],"about":[{"href":"https:\/\/fundaciotallers.org\/ca\/wp-json\/wp\/v2\/types\/post"}],"author":[{"embeddable":true,"href":"https:\/\/fundaciotallers.org\/ca\/wp-json\/wp\/v2\/users\/2"}],"replies":[{"embeddable":true,"href":"https:\/\/fundaciotallers.org\/ca\/wp-json\/wp\/v2\/comments?post=1704"}],"version-history":[{"count":2,"href":"https:\/\/fundaciotallers.org\/ca\/wp-json\/wp\/v2\/posts\/1704\/revisions"}],"predecessor-version":[{"id":1717,"href":"https:\/\/fundaciotallers.org\/ca\/wp-json\/wp\/v2\/posts\/1704\/revisions\/1717"}],"wp:featuredmedia":[{"embeddable":true,"href":"https:\/\/fundaciotallers.org\/ca\/wp-json\/wp\/v2\/media\/1709"}],"wp:attachment":[{"href":"https:\/\/fundaciotallers.org\/ca\/wp-json\/wp\/v2\/media?parent=1704"}],"wp:term":[{"taxonomy":"category","embeddable":true,"href":"https:\/\/fundaciotallers.org\/ca\/wp-json\/wp\/v2\/categories?post=1704"},{"taxonomy":"post_tag","embeddable":true,"href":"https:\/\/fundaciotallers.org\/ca\/wp-json\/wp\/v2\/tags?post=1704"}],"curies":[{"name":"wp","href":"https:\/\/api.w.org\/{rel}","templated":true}]}}