{"id":1599,"date":"2019-06-21T10:38:52","date_gmt":"2019-06-21T10:38:52","guid":{"rendered":"https:\/\/fundaciotallers.org\/?p=1599"},"modified":"2019-06-28T13:24:51","modified_gmt":"2019-06-28T13:24:51","slug":"complint-els-somnis-estela","status":"publish","type":"post","link":"https:\/\/fundaciotallers.org\/ca\/2019\/06\/21\/complint-els-somnis-estela\/","title":{"rendered":"Complint els somnis: Estela"},"content":{"rendered":"<p>L\u2019Estela entra tota contenta amb una carpeta entre les mans. Porta el cabell tallat amb una melena curta, unes ulleres de color f\u00facsia i bambes de colors. T\u00e9 32 anys i \u00e9s usu\u00e0ria del Centre Ocupacional de la Fundaci\u00f3 Tallers a Badia del Vall\u00e8s. Es declara <strong>fan de Sailor Moon<\/strong>, la seva hero\u00efna de ficci\u00f3.<\/p>\n<p>Ja sabem que per parlar de somnis i il\u00b7lusions, el millor \u00e9s estar en un ambient que propici\u00ef la confidencialitat, davant una tassa de caf\u00e8 i en petit comit\u00e8. I aquest \u00e9s un dels aspectes que es treballa en el <strong>Model Centrat en la Persona<\/strong>, un projecte de la Fundaci\u00f3 Tallers on es tracten les <strong>il\u00b7lusions<\/strong>, <strong>somnis i aspiracions<\/strong> i es busca la manera de com es poden portar a terme. Perqu\u00e8 quan ens realitzem com a persones fent all\u00f2 que ens agrada, <strong>m\u00e9s feli\u00e7os som<\/strong>.<\/p>\n<p>Com tothom, l\u2019Estela t\u00e9 somnis i il\u00b7lusions, <strong>projectes de vida<\/strong> que vol portar a terme.<br \/>\nAclareix, per\u00f2, que alguns potser costaran m\u00e9s de fer, com <strong>sortir d\u2019una ll\u00e0ntia m\u00e0gica per concedir desitjos<\/strong> o <strong>con\u00e8ixer a J. K. Rowling<\/strong>, l\u2019escriptora de la saga <strong>Harry Potter<\/strong>.<\/p>\n<p>[Ens permetem llen\u00e7ar la petici\u00f3 a Emp\u00faries i Salamandra, editorials de la saga en catal\u00e0 i castell\u00e0 per si aquest somni de l\u2019Estela fos possible portar a terme\u2026].<\/p>\n<p>Per exemple, un dels seus objectius \u00e9s <strong>ajudar a les altres persones<\/strong>. I ho fa sempre que en t\u00e9 ocasi\u00f3. Si ella \u00e9s a prop i cal un cop de m\u00e0, s\u2019ofereix amb ganes i empenta.<\/p>\n<p>A m\u00e9s \u00e9s molt organitzada i aprofita el temps lliure per formar-se. Gr\u00e0cies als v\u00eddeos de la xarxa, <strong>apr\u00e8n \u00c8lfic<\/strong>. No \u00e9s una tasca f\u00e0cil per\u00f2 poc a poc va memoritzant paraules i expressions. I est\u00e0 contenta.<\/p>\n<p>Tamb\u00e9 t\u00e9 aspiracions professionals ambicioses, li agradaria ser <strong>lampista \u201ccom Mario Bros per\u00f2 en noia\u201d<\/strong>, aclareix somrient i amb intenci\u00f3. Aquest \u00e9s un punt que ben aviat comen\u00e7ar\u00e0 a fer cam\u00ed com a ajudant d\u2019algun professional.<\/p>\n<p>Per si aix\u00f2 fos poc, tamb\u00e9 li agradaria aprendre <strong>trucs de m\u00e0gia, jugar a tenis i balls orientals<\/strong>.<\/p>\n<p>El tenis, la lampisteria, la m\u00e0gia, oferir ajuda, la llengua \u00e8lfica, ser la \u201cg\u00e8nia\u201d de la ll\u00e0ntia, els balls orientals o con\u00e8ixer a la creadora de Harry Potter s\u00f3n les il\u00b7lusions i somnis de l\u2019Estela, que quan ha acabat d\u2019explicar-nos-els, tanca la seva carpeta, confirma que \u00e9s fan del Sonic que porta estampat a la samarreta i marxa amb un somriure dibuixat a la cara.<\/p>\n<div id=\"attachment_1592\" style=\"width: 409px\" class=\"wp-caption aligncenter\"><img fetchpriority=\"high\" decoding=\"async\" aria-describedby=\"caption-attachment-1592\" class=\"wp-image-1592\" src=\"https:\/\/fundaciotallers.org\/wp-content\/uploads\/2019\/06\/19062019-48-683x1024.jpg\" alt=\"L'Estela mostrant el Sonic que porta estampat a la samarreta\" width=\"399\" height=\"598\" srcset=\"https:\/\/fundaciotallers.org\/wp-content\/uploads\/2019\/06\/19062019-48-683x1024.jpg 683w, https:\/\/fundaciotallers.org\/wp-content\/uploads\/2019\/06\/19062019-48-200x300.jpg 200w, https:\/\/fundaciotallers.org\/wp-content\/uploads\/2019\/06\/19062019-48-768x1152.jpg 768w, https:\/\/fundaciotallers.org\/wp-content\/uploads\/2019\/06\/19062019-48.jpg 1280w\" sizes=\"(max-width: 399px) 100vw, 399px\" \/><p id=\"caption-attachment-1592\" class=\"wp-caption-text\">L&#8217;Estela mostrant el Sonic que porta estampat a la samarreta<\/p><\/div>\n","protected":false},"excerpt":{"rendered":"<p>L\u2019Estela entra tota contenta amb una carpeta entre les mans. Porta el cabell tallat amb una melena curta, unes ulleres&hellip;<\/p>\n","protected":false},"author":2,"featured_media":1587,"comment_status":"open","ping_status":"open","sticky":false,"template":"","format":"standard","meta":{"footnotes":""},"categories":[17,16,20,22,31,9,12,32,21],"tags":[39,40,34,35,36,41,42],"class_list":["post-1599","post","type-post","status-publish","format-standard","has-post-thumbnail","hentry","category-amb-i-per-les-persones","category-badia-del-valles","category-centre-ocupacional","category-cercles","category-comunitat","category-discapacitat","category-fundacio-tallers","category-persones","category-projectes","tag-badia-del-valles","tag-centre-ocupacional","tag-discapacitat","tag-fundacio-tallers","tag-inclusio-social","tag-som-comunitat","tag-som-persones"],"_links":{"self":[{"href":"https:\/\/fundaciotallers.org\/ca\/wp-json\/wp\/v2\/posts\/1599","targetHints":{"allow":["GET"]}}],"collection":[{"href":"https:\/\/fundaciotallers.org\/ca\/wp-json\/wp\/v2\/posts"}],"about":[{"href":"https:\/\/fundaciotallers.org\/ca\/wp-json\/wp\/v2\/types\/post"}],"author":[{"embeddable":true,"href":"https:\/\/fundaciotallers.org\/ca\/wp-json\/wp\/v2\/users\/2"}],"replies":[{"embeddable":true,"href":"https:\/\/fundaciotallers.org\/ca\/wp-json\/wp\/v2\/comments?post=1599"}],"version-history":[{"count":1,"href":"https:\/\/fundaciotallers.org\/ca\/wp-json\/wp\/v2\/posts\/1599\/revisions"}],"predecessor-version":[{"id":1600,"href":"https:\/\/fundaciotallers.org\/ca\/wp-json\/wp\/v2\/posts\/1599\/revisions\/1600"}],"wp:featuredmedia":[{"embeddable":true,"href":"https:\/\/fundaciotallers.org\/ca\/wp-json\/wp\/v2\/media\/1587"}],"wp:attachment":[{"href":"https:\/\/fundaciotallers.org\/ca\/wp-json\/wp\/v2\/media?parent=1599"}],"wp:term":[{"taxonomy":"category","embeddable":true,"href":"https:\/\/fundaciotallers.org\/ca\/wp-json\/wp\/v2\/categories?post=1599"},{"taxonomy":"post_tag","embeddable":true,"href":"https:\/\/fundaciotallers.org\/ca\/wp-json\/wp\/v2\/tags?post=1599"}],"curies":[{"name":"wp","href":"https:\/\/api.w.org\/{rel}","templated":true}]}}