{"id":15657,"date":"2022-03-31T22:58:03","date_gmt":"2022-03-31T20:58:03","guid":{"rendered":"https:\/\/fundaciotallers.org\/?p=15657"},"modified":"2022-04-01T14:26:18","modified_gmt":"2022-04-01T12:26:18","slug":"dia-mundial-de-lautisme-fomentem-lautonomia-i-la-vida-independent","status":"publish","type":"post","link":"https:\/\/fundaciotallers.org\/ca\/2022\/03\/31\/dia-mundial-de-lautisme-fomentem-lautonomia-i-la-vida-independent\/","title":{"rendered":"Dia Mundial de l&#8217;Autisme: fomentem l&#8217;autonomia i la vida independent"},"content":{"rendered":"\t\t<div data-elementor-type=\"wp-post\" data-elementor-id=\"15657\" class=\"elementor elementor-15657\">\n\t\t\t\t\t\t<section class=\"elementor-section elementor-top-section elementor-element elementor-element-b5a0162 elementor-section-boxed elementor-section-height-default elementor-section-height-default\" data-id=\"b5a0162\" data-element_type=\"section\" data-e-type=\"section\">\n\t\t\t\t\t\t<div class=\"elementor-container elementor-column-gap-default\">\n\t\t\t\t\t<div class=\"elementor-column elementor-col-100 elementor-top-column elementor-element elementor-element-3034358\" data-id=\"3034358\" data-element_type=\"column\" data-e-type=\"column\">\n\t\t\t<div class=\"elementor-widget-wrap elementor-element-populated\">\n\t\t\t\t\t\t<div class=\"elementor-element elementor-element-898e6f5 elementor-widget elementor-widget-text-editor\" data-id=\"898e6f5\" data-element_type=\"widget\" data-e-type=\"widget\" data-widget_type=\"text-editor.default\">\n\t\t\t\t<div class=\"elementor-widget-container\">\n\t\t\t\t\t\t\t\t\t<p><span style=\"font-weight: 400;\">Amb motiu del <\/span><b>Dia Mundial de Conscienciaci\u00f3 sobre l\u2019Autisme<\/b><span style=\"font-weight: 400;\">, des de la Fundaci\u00f3 Tallers ens adherim a aquesta data per donar visibilitat a les capacitats de les persones amb trastorn de l\u2019espectre autista (TEA) i per compartir les seves reivindicacions.\u00a0<\/span><\/p>\n<p><span style=\"font-weight: 400;\">Ho fem a trav\u00e9s del testimoni del Francisco, la Ruth, el Francesc i l\u2019Ivan, quatre persones que formen part de la Fundaci\u00f3 Tallers i que hi participen en algun dels nostres serveis, des dels quals promovem la seva inclusi\u00f3 social i laboral amb els suports adequats per a desenvolupar\u00a0el seu projecte de vida. L\u2019objectiu \u00e9s que totes les persones que acompanyem des de la nostra entitat esdevinguin ciutadanes i ciutadans de ple dret.\u00a0<\/span><\/p>\n<p><span style=\"font-weight: 400;\">El Francisco demana #empatia, la Ruth el #dretalavidaencomunitat, el Francesc #vidaindependent i l&#8217;Ivan l&#8217;#autodeterminacio. Coneixem millor les seves experi\u00e8ncies a trav\u00e9s dels seus testimonis en primera persona. Moltes gr\u00e0cies als quatre per participar! <\/span><\/p>\t\t\t\t\t\t\t\t<\/div>\n\t\t\t\t<\/div>\n\t\t\t\t\t<\/div>\n\t\t<\/div>\n\t\t\t\t\t<\/div>\n\t\t<\/section>\n\t\t\t\t<section class=\"elementor-section elementor-top-section elementor-element elementor-element-246cb04 elementor-section-boxed elementor-section-height-default elementor-section-height-default\" data-id=\"246cb04\" data-element_type=\"section\" data-e-type=\"section\">\n\t\t\t\t\t\t<div class=\"elementor-container elementor-column-gap-default\">\n\t\t\t\t\t<div class=\"elementor-column elementor-col-100 elementor-top-column elementor-element elementor-element-5eabe17\" data-id=\"5eabe17\" data-element_type=\"column\" data-e-type=\"column\">\n\t\t\t<div class=\"elementor-widget-wrap elementor-element-populated\">\n\t\t\t\t\t\t<div class=\"elementor-element elementor-element-5e49032 elementor-widget elementor-widget-heading\" data-id=\"5e49032\" data-element_type=\"widget\" data-e-type=\"widget\" data-widget_type=\"heading.default\">\n\t\t\t\t<div class=\"elementor-widget-container\">\n\t\t\t\t\t<h2 class=\"elementor-heading-title elementor-size-default\">#DretALaVidaEnComunitat <\/h2>\t\t\t\t<\/div>\n\t\t\t\t<\/div>\n\t\t\t\t\t<\/div>\n\t\t<\/div>\n\t\t\t\t\t<\/div>\n\t\t<\/section>\n\t\t\t\t<section class=\"elementor-section elementor-top-section elementor-element elementor-element-3ae319b elementor-section-boxed elementor-section-height-default elementor-section-height-default\" data-id=\"3ae319b\" data-element_type=\"section\" data-e-type=\"section\">\n\t\t\t\t\t\t<div class=\"elementor-container elementor-column-gap-default\">\n\t\t\t\t\t<div class=\"elementor-column elementor-col-50 elementor-top-column elementor-element elementor-element-d7fdcaa\" data-id=\"d7fdcaa\" data-element_type=\"column\" data-e-type=\"column\">\n\t\t\t<div class=\"elementor-widget-wrap elementor-element-populated\">\n\t\t\t\t\t\t<div class=\"elementor-element elementor-element-afc78eb elementor-widget elementor-widget-image\" data-id=\"afc78eb\" data-element_type=\"widget\" data-e-type=\"widget\" data-widget_type=\"image.default\">\n\t\t\t\t<div class=\"elementor-widget-container\">\n\t\t\t\t\t\t\t\t\t\t\t\t\t\t\t<img fetchpriority=\"high\" decoding=\"async\" width=\"1645\" height=\"1314\" src=\"https:\/\/fundaciotallers.org\/wp-content\/uploads\/2022\/03\/4-1.jpg\" class=\"attachment-full size-full wp-image-15739\" alt=\"\" srcset=\"https:\/\/fundaciotallers.org\/wp-content\/uploads\/2022\/03\/4-1.jpg 1645w, https:\/\/fundaciotallers.org\/wp-content\/uploads\/2022\/03\/4-1-300x240.jpg 300w, https:\/\/fundaciotallers.org\/wp-content\/uploads\/2022\/03\/4-1-1024x818.jpg 1024w, https:\/\/fundaciotallers.org\/wp-content\/uploads\/2022\/03\/4-1-768x613.jpg 768w, https:\/\/fundaciotallers.org\/wp-content\/uploads\/2022\/03\/4-1-1536x1227.jpg 1536w\" sizes=\"(max-width: 1645px) 100vw, 1645px\" \/>\t\t\t\t\t\t\t\t\t\t\t\t\t\t\t<\/div>\n\t\t\t\t<\/div>\n\t\t\t\t\t<\/div>\n\t\t<\/div>\n\t\t\t\t<div class=\"elementor-column elementor-col-50 elementor-top-column elementor-element elementor-element-91c724f\" data-id=\"91c724f\" data-element_type=\"column\" data-e-type=\"column\">\n\t\t\t<div class=\"elementor-widget-wrap elementor-element-populated\">\n\t\t\t\t\t\t<div class=\"elementor-element elementor-element-5684c31 elementor-widget elementor-widget-heading\" data-id=\"5684c31\" data-element_type=\"widget\" data-e-type=\"widget\" data-widget_type=\"heading.default\">\n\t\t\t\t<div class=\"elementor-widget-container\">\n\t\t\t\t\t<h2 class=\"elementor-heading-title elementor-size-default\">\"<\/h2>\t\t\t\t<\/div>\n\t\t\t\t<\/div>\n\t\t\t\t<div class=\"elementor-element elementor-element-fd94a2f elementor-widget elementor-widget-text-editor\" data-id=\"fd94a2f\" data-element_type=\"widget\" data-e-type=\"widget\" data-widget_type=\"text-editor.default\">\n\t\t\t\t<div class=\"elementor-widget-container\">\n\t\t\t\t\t\t\t\t\t<span style=\"font-weight: 400;\">Em dic Ruth i tinc 22 anys. S\u00f3c una persona molt ordenada i organitzada, i per aprofitar aquestes habilitats estic participant en un projecte comunitari de col\u00b7laboraci\u00f3 amb l\u2019entitat <\/span><a href=\"https:\/\/www.cemfis.es\/es\" style=\"color:#d5535f;\" target=\"_blank\"><span style=\"font-weight: 400;\">CEMFIS<\/span><\/a><span style=\"font-weight: 400;\"> en la recepci\u00f3, organitzaci\u00f3, neteja i servei de pr\u00e9stec de material d\u2019ortop\u00e8dia per tal que puguin fer-ne \u00fas les persones que ho necessitin. El meu rol \u00e9s mantenir el material en ordre, facilitant-lo amb fotos identificatives de cada material. Com que tamb\u00e9 m\u2019agrada molt la tecnologia, organitzo el servei de pr\u00e9stec a trav\u00e9s d\u2019una aplicaci\u00f3 inform\u00e0tica.<\/span>\t\t\t\t\t\t\t\t<\/div>\n\t\t\t\t<\/div>\n\t\t\t\t<div class=\"elementor-element elementor-element-c49fa6e elementor-widget-divider--view-line elementor-widget elementor-widget-divider\" data-id=\"c49fa6e\" data-element_type=\"widget\" data-e-type=\"widget\" data-widget_type=\"divider.default\">\n\t\t\t\t<div class=\"elementor-widget-container\">\n\t\t\t\t\t\t\t<div class=\"elementor-divider\">\n\t\t\t<span class=\"elementor-divider-separator\">\n\t\t\t\t\t\t<\/span>\n\t\t<\/div>\n\t\t\t\t\t\t<\/div>\n\t\t\t\t<\/div>\n\t\t\t\t<div class=\"elementor-element elementor-element-96a23a2 elementor-widget elementor-widget-text-editor\" data-id=\"96a23a2\" data-element_type=\"widget\" data-e-type=\"widget\" data-widget_type=\"text-editor.default\">\n\t\t\t\t<div class=\"elementor-widget-container\">\n\t\t\t\t\t\t\t\t\t<p><b>Ruth Amodeo<br \/><\/b><a style=\"color: #d5535f;\" href=\"https:\/\/fundaciotallers.org\/ca\/category\/centre-ocupacional\/\" target=\"_blank\" rel=\"noopener\"><b>Centre Ocupacional<\/b><b> Santa Coloma<\/b><\/a><\/p>\t\t\t\t\t\t\t\t<\/div>\n\t\t\t\t<\/div>\n\t\t\t\t\t<\/div>\n\t\t<\/div>\n\t\t\t\t\t<\/div>\n\t\t<\/section>\n\t\t\t\t<section class=\"elementor-section elementor-top-section elementor-element elementor-element-46e5406 elementor-section-boxed elementor-section-height-default elementor-section-height-default\" data-id=\"46e5406\" data-element_type=\"section\" data-e-type=\"section\">\n\t\t\t\t\t\t<div class=\"elementor-container elementor-column-gap-default\">\n\t\t\t\t\t<div class=\"elementor-column elementor-col-100 elementor-top-column elementor-element elementor-element-5efff4e\" data-id=\"5efff4e\" data-element_type=\"column\" data-e-type=\"column\">\n\t\t\t<div class=\"elementor-widget-wrap elementor-element-populated\">\n\t\t\t\t\t\t<div class=\"elementor-element elementor-element-ac56956 elementor-widget elementor-widget-heading\" data-id=\"ac56956\" data-element_type=\"widget\" data-e-type=\"widget\" data-widget_type=\"heading.default\">\n\t\t\t\t<div class=\"elementor-widget-container\">\n\t\t\t\t\t<h2 class=\"elementor-heading-title elementor-size-default\">#Empatia<\/h2>\t\t\t\t<\/div>\n\t\t\t\t<\/div>\n\t\t\t\t\t<\/div>\n\t\t<\/div>\n\t\t\t\t\t<\/div>\n\t\t<\/section>\n\t\t\t\t<section class=\"elementor-section elementor-top-section elementor-element elementor-element-9e4681e elementor-section-boxed elementor-section-height-default elementor-section-height-default\" data-id=\"9e4681e\" data-element_type=\"section\" data-e-type=\"section\">\n\t\t\t\t\t\t<div class=\"elementor-container elementor-column-gap-default\">\n\t\t\t\t\t<div class=\"elementor-column elementor-col-50 elementor-top-column elementor-element elementor-element-1ecff3e\" data-id=\"1ecff3e\" data-element_type=\"column\" data-e-type=\"column\">\n\t\t\t<div class=\"elementor-widget-wrap elementor-element-populated\">\n\t\t\t\t\t\t<div class=\"elementor-element elementor-element-5bb3f5b elementor-widget elementor-widget-image\" data-id=\"5bb3f5b\" data-element_type=\"widget\" data-e-type=\"widget\" data-widget_type=\"image.default\">\n\t\t\t\t<div class=\"elementor-widget-container\">\n\t\t\t\t\t\t\t\t\t\t\t\t\t\t\t<img decoding=\"async\" width=\"1645\" height=\"1314\" src=\"https:\/\/fundaciotallers.org\/wp-content\/uploads\/2022\/03\/1-1.jpg\" class=\"attachment-full size-full wp-image-15724\" alt=\"\" srcset=\"https:\/\/fundaciotallers.org\/wp-content\/uploads\/2022\/03\/1-1.jpg 1645w, https:\/\/fundaciotallers.org\/wp-content\/uploads\/2022\/03\/1-1-300x240.jpg 300w, https:\/\/fundaciotallers.org\/wp-content\/uploads\/2022\/03\/1-1-1024x818.jpg 1024w, https:\/\/fundaciotallers.org\/wp-content\/uploads\/2022\/03\/1-1-768x613.jpg 768w, https:\/\/fundaciotallers.org\/wp-content\/uploads\/2022\/03\/1-1-1536x1227.jpg 1536w\" sizes=\"(max-width: 1645px) 100vw, 1645px\" \/>\t\t\t\t\t\t\t\t\t\t\t\t\t\t\t<\/div>\n\t\t\t\t<\/div>\n\t\t\t\t\t<\/div>\n\t\t<\/div>\n\t\t\t\t<div class=\"elementor-column elementor-col-50 elementor-top-column elementor-element elementor-element-57019a2\" data-id=\"57019a2\" data-element_type=\"column\" data-e-type=\"column\">\n\t\t\t<div class=\"elementor-widget-wrap elementor-element-populated\">\n\t\t\t\t\t\t<div class=\"elementor-element elementor-element-1bf4142 elementor-widget elementor-widget-heading\" data-id=\"1bf4142\" data-element_type=\"widget\" data-e-type=\"widget\" data-widget_type=\"heading.default\">\n\t\t\t\t<div class=\"elementor-widget-container\">\n\t\t\t\t\t<h2 class=\"elementor-heading-title elementor-size-default\">\"<\/h2>\t\t\t\t<\/div>\n\t\t\t\t<\/div>\n\t\t\t\t<div class=\"elementor-element elementor-element-6c69b44 elementor-widget elementor-widget-text-editor\" data-id=\"6c69b44\" data-element_type=\"widget\" data-e-type=\"widget\" data-widget_type=\"text-editor.default\">\n\t\t\t\t<div class=\"elementor-widget-container\">\n\t\t\t\t\t\t\t\t\t<p>Em diuen Paco, tinc 22 anys i s\u00f3c de Santako. Vull reivindicar que quan les persones amb TEA no responem com esperaries a una q\u00fcesti\u00f3 de car\u00e0cter emocional, aix\u00f2 no vol dir que no sapiguem interpretar-la. Simplement la interpretem a la nostra manera. Si tens una persona com nosaltres a prop, tingues-ho en compte i trobar\u00e0s que tot tipus de situacions poden dur-se a terme de manera satisfact\u00f2ria amb nosaltres. Gr\u00e0cies per escoltar-me.<\/p>\t\t\t\t\t\t\t\t<\/div>\n\t\t\t\t<\/div>\n\t\t\t\t<div class=\"elementor-element elementor-element-4119e26 elementor-widget-divider--view-line elementor-widget elementor-widget-divider\" data-id=\"4119e26\" data-element_type=\"widget\" data-e-type=\"widget\" data-widget_type=\"divider.default\">\n\t\t\t\t<div class=\"elementor-widget-container\">\n\t\t\t\t\t\t\t<div class=\"elementor-divider\">\n\t\t\t<span class=\"elementor-divider-separator\">\n\t\t\t\t\t\t<\/span>\n\t\t<\/div>\n\t\t\t\t\t\t<\/div>\n\t\t\t\t<\/div>\n\t\t\t\t<div class=\"elementor-element elementor-element-3353383 elementor-widget elementor-widget-text-editor\" data-id=\"3353383\" data-element_type=\"widget\" data-e-type=\"widget\" data-widget_type=\"text-editor.default\">\n\t\t\t\t<div class=\"elementor-widget-container\">\n\t\t\t\t\t\t\t\t\t<p><b>Francisco S\u00e1nchez<br \/><a style=\"color: #d5535f;\" href=\"https:\/\/fundaciotallers.org\/ca\/projectes\/singulars\/\" target=\"_blank\" rel=\"noopener\">Projecte Singulars<\/a><\/b><\/p>\t\t\t\t\t\t\t\t<\/div>\n\t\t\t\t<\/div>\n\t\t\t\t\t<\/div>\n\t\t<\/div>\n\t\t\t\t\t<\/div>\n\t\t<\/section>\n\t\t\t\t<section class=\"elementor-section elementor-top-section elementor-element elementor-element-c87e656 elementor-section-boxed elementor-section-height-default elementor-section-height-default\" data-id=\"c87e656\" data-element_type=\"section\" data-e-type=\"section\">\n\t\t\t\t\t\t<div class=\"elementor-container elementor-column-gap-default\">\n\t\t\t\t\t<div class=\"elementor-column elementor-col-100 elementor-top-column elementor-element elementor-element-a1b1169\" data-id=\"a1b1169\" data-element_type=\"column\" data-e-type=\"column\">\n\t\t\t<div class=\"elementor-widget-wrap elementor-element-populated\">\n\t\t\t\t\t\t<div class=\"elementor-element elementor-element-d6c0b77 elementor-widget elementor-widget-heading\" data-id=\"d6c0b77\" data-element_type=\"widget\" data-e-type=\"widget\" data-widget_type=\"heading.default\">\n\t\t\t\t<div class=\"elementor-widget-container\">\n\t\t\t\t\t<h2 class=\"elementor-heading-title elementor-size-default\">#VidaIndependent <\/h2>\t\t\t\t<\/div>\n\t\t\t\t<\/div>\n\t\t\t\t\t<\/div>\n\t\t<\/div>\n\t\t\t\t\t<\/div>\n\t\t<\/section>\n\t\t\t\t<section class=\"elementor-section elementor-top-section elementor-element elementor-element-d5efc1f elementor-section-boxed elementor-section-height-default elementor-section-height-default\" data-id=\"d5efc1f\" data-element_type=\"section\" data-e-type=\"section\">\n\t\t\t\t\t\t<div class=\"elementor-container elementor-column-gap-default\">\n\t\t\t\t\t<div class=\"elementor-column elementor-col-50 elementor-top-column elementor-element elementor-element-50b8156\" data-id=\"50b8156\" data-element_type=\"column\" data-e-type=\"column\">\n\t\t\t<div class=\"elementor-widget-wrap elementor-element-populated\">\n\t\t\t\t\t\t<div class=\"elementor-element elementor-element-849b960 elementor-widget elementor-widget-image\" data-id=\"849b960\" data-element_type=\"widget\" data-e-type=\"widget\" data-widget_type=\"image.default\">\n\t\t\t\t<div class=\"elementor-widget-container\">\n\t\t\t\t\t\t\t\t\t\t\t\t\t\t\t<img decoding=\"async\" width=\"1645\" height=\"1314\" src=\"https:\/\/fundaciotallers.org\/wp-content\/uploads\/2022\/03\/3.jpg\" class=\"attachment-full size-full wp-image-15734\" alt=\"\" srcset=\"https:\/\/fundaciotallers.org\/wp-content\/uploads\/2022\/03\/3.jpg 1645w, https:\/\/fundaciotallers.org\/wp-content\/uploads\/2022\/03\/3-300x240.jpg 300w, https:\/\/fundaciotallers.org\/wp-content\/uploads\/2022\/03\/3-1024x818.jpg 1024w, https:\/\/fundaciotallers.org\/wp-content\/uploads\/2022\/03\/3-768x613.jpg 768w, https:\/\/fundaciotallers.org\/wp-content\/uploads\/2022\/03\/3-1536x1227.jpg 1536w\" sizes=\"(max-width: 1645px) 100vw, 1645px\" \/>\t\t\t\t\t\t\t\t\t\t\t\t\t\t\t<\/div>\n\t\t\t\t<\/div>\n\t\t\t\t\t<\/div>\n\t\t<\/div>\n\t\t\t\t<div class=\"elementor-column elementor-col-50 elementor-top-column elementor-element elementor-element-f2a5da4\" data-id=\"f2a5da4\" data-element_type=\"column\" data-e-type=\"column\">\n\t\t\t<div class=\"elementor-widget-wrap elementor-element-populated\">\n\t\t\t\t\t\t<div class=\"elementor-element elementor-element-5a2f245 elementor-widget elementor-widget-heading\" data-id=\"5a2f245\" data-element_type=\"widget\" data-e-type=\"widget\" data-widget_type=\"heading.default\">\n\t\t\t\t<div class=\"elementor-widget-container\">\n\t\t\t\t\t<h2 class=\"elementor-heading-title elementor-size-default\">\"<\/h2>\t\t\t\t<\/div>\n\t\t\t\t<\/div>\n\t\t\t\t<div class=\"elementor-element elementor-element-04a1ff5 elementor-widget elementor-widget-text-editor\" data-id=\"04a1ff5\" data-element_type=\"widget\" data-e-type=\"widget\" data-widget_type=\"text-editor.default\">\n\t\t\t\t<div class=\"elementor-widget-container\">\n\t\t\t\t\t\t\t\t\t<p><span style=\"font-weight: 400;\">Em dic Francesc, tinc 31 anys i s\u00f3c de Ponent tot i que visc a Barcelona. En aquests moments visc amb ma germana i mon cunyat. M\u2019agradaria en un futur pr\u00f2xim poder viure en un pis, sigui sol o acompanyat, amb qui jo decideixi. No sempre tinc l\u2019oportunitat de decidir si els caps de setmana vull quedar-me o no. \u00c9s per aix\u00f2 que treballo a Ofisfera des de ja fa 6 anys per millorar el meu nivell d\u2019autonomia. Tinc el dret a viure on vull i amb qui vull.<\/span><\/p>\t\t\t\t\t\t\t\t<\/div>\n\t\t\t\t<\/div>\n\t\t\t\t<div class=\"elementor-element elementor-element-5913dc0 elementor-widget-divider--view-line elementor-widget elementor-widget-divider\" data-id=\"5913dc0\" data-element_type=\"widget\" data-e-type=\"widget\" data-widget_type=\"divider.default\">\n\t\t\t\t<div class=\"elementor-widget-container\">\n\t\t\t\t\t\t\t<div class=\"elementor-divider\">\n\t\t\t<span class=\"elementor-divider-separator\">\n\t\t\t\t\t\t<\/span>\n\t\t<\/div>\n\t\t\t\t\t\t<\/div>\n\t\t\t\t<\/div>\n\t\t\t\t<div class=\"elementor-element elementor-element-ff53ad4 elementor-widget elementor-widget-text-editor\" data-id=\"ff53ad4\" data-element_type=\"widget\" data-e-type=\"widget\" data-widget_type=\"text-editor.default\">\n\t\t\t\t<div class=\"elementor-widget-container\">\n\t\t\t\t\t\t\t\t\t<p>Francesc Bros<br \/><a style=\"color: #d5535f;\" href=\"https:\/\/www.ofisfera.org\/es\/\" target=\"_blank\" rel=\"noopener\">Ofisfera<\/a><\/p>\t\t\t\t\t\t\t\t<\/div>\n\t\t\t\t<\/div>\n\t\t\t\t\t<\/div>\n\t\t<\/div>\n\t\t\t\t\t<\/div>\n\t\t<\/section>\n\t\t\t\t<section class=\"elementor-section elementor-top-section elementor-element elementor-element-7f1bf56 elementor-section-boxed elementor-section-height-default elementor-section-height-default\" data-id=\"7f1bf56\" data-element_type=\"section\" data-e-type=\"section\">\n\t\t\t\t\t\t<div class=\"elementor-container elementor-column-gap-default\">\n\t\t\t\t\t<div class=\"elementor-column elementor-col-100 elementor-top-column elementor-element elementor-element-9b7762b\" data-id=\"9b7762b\" data-element_type=\"column\" data-e-type=\"column\">\n\t\t\t<div class=\"elementor-widget-wrap elementor-element-populated\">\n\t\t\t\t\t\t<div class=\"elementor-element elementor-element-c7d42a4 elementor-widget elementor-widget-heading\" data-id=\"c7d42a4\" data-element_type=\"widget\" data-e-type=\"widget\" data-widget_type=\"heading.default\">\n\t\t\t\t<div class=\"elementor-widget-container\">\n\t\t\t\t\t<h2 class=\"elementor-heading-title elementor-size-default\">#Autodeterminaci\u00f3<\/h2>\t\t\t\t<\/div>\n\t\t\t\t<\/div>\n\t\t\t\t\t<\/div>\n\t\t<\/div>\n\t\t\t\t\t<\/div>\n\t\t<\/section>\n\t\t\t\t<section class=\"elementor-section elementor-top-section elementor-element elementor-element-254bfb8 elementor-section-boxed elementor-section-height-default elementor-section-height-default\" data-id=\"254bfb8\" data-element_type=\"section\" data-e-type=\"section\">\n\t\t\t\t\t\t<div class=\"elementor-container elementor-column-gap-default\">\n\t\t\t\t\t<div class=\"elementor-column elementor-col-50 elementor-top-column elementor-element elementor-element-e18b583\" data-id=\"e18b583\" data-element_type=\"column\" data-e-type=\"column\">\n\t\t\t<div class=\"elementor-widget-wrap elementor-element-populated\">\n\t\t\t\t\t\t<div class=\"elementor-element elementor-element-6f5a775 elementor-widget elementor-widget-image\" data-id=\"6f5a775\" data-element_type=\"widget\" data-e-type=\"widget\" data-widget_type=\"image.default\">\n\t\t\t\t<div class=\"elementor-widget-container\">\n\t\t\t\t\t\t\t\t\t\t\t\t\t\t\t<img loading=\"lazy\" decoding=\"async\" width=\"1645\" height=\"1314\" src=\"https:\/\/fundaciotallers.org\/wp-content\/uploads\/2022\/03\/2.jpg\" class=\"attachment-full size-full wp-image-15726\" alt=\"\" srcset=\"https:\/\/fundaciotallers.org\/wp-content\/uploads\/2022\/03\/2.jpg 1645w, https:\/\/fundaciotallers.org\/wp-content\/uploads\/2022\/03\/2-300x240.jpg 300w, https:\/\/fundaciotallers.org\/wp-content\/uploads\/2022\/03\/2-1024x818.jpg 1024w, https:\/\/fundaciotallers.org\/wp-content\/uploads\/2022\/03\/2-768x613.jpg 768w, https:\/\/fundaciotallers.org\/wp-content\/uploads\/2022\/03\/2-1536x1227.jpg 1536w\" sizes=\"(max-width: 1645px) 100vw, 1645px\" \/>\t\t\t\t\t\t\t\t\t\t\t\t\t\t\t<\/div>\n\t\t\t\t<\/div>\n\t\t\t\t\t<\/div>\n\t\t<\/div>\n\t\t\t\t<div class=\"elementor-column elementor-col-50 elementor-top-column elementor-element elementor-element-11f3e93\" data-id=\"11f3e93\" data-element_type=\"column\" data-e-type=\"column\">\n\t\t\t<div class=\"elementor-widget-wrap elementor-element-populated\">\n\t\t\t\t\t\t<div class=\"elementor-element elementor-element-82c865f elementor-widget elementor-widget-heading\" data-id=\"82c865f\" data-element_type=\"widget\" data-e-type=\"widget\" data-widget_type=\"heading.default\">\n\t\t\t\t<div class=\"elementor-widget-container\">\n\t\t\t\t\t<h2 class=\"elementor-heading-title elementor-size-default\">\"<\/h2>\t\t\t\t<\/div>\n\t\t\t\t<\/div>\n\t\t\t\t<div class=\"elementor-element elementor-element-fd3f12d elementor-widget elementor-widget-text-editor\" data-id=\"fd3f12d\" data-element_type=\"widget\" data-e-type=\"widget\" data-widget_type=\"text-editor.default\">\n\t\t\t\t<div class=\"elementor-widget-container\">\n\t\t\t\t\t\t\t\t\t<p><span style=\"font-weight: 400;\">Em dic Ivan, tinc 26 anys i visc a Ripollet. Una de les coses que m\u00e9s m\u2019agrada en el meu dia a dia \u00e9s decidir com vull anar i tornar del centre on estic a Badia del Vall\u00e8s. Hi ha dies que prefereixo anar en tren, altres en autob\u00fas, altres baixo a una parada diferent per fer un tros caminant i aix\u00ed\u00a0 fer rutes que m\u2019agraden. Jo mateix decideixo quin trajecte em ve m\u00e9s de gust i m\u2019organitzo els mitjans per fer-ho.<\/span><\/p>\t\t\t\t\t\t\t\t<\/div>\n\t\t\t\t<\/div>\n\t\t\t\t<div class=\"elementor-element elementor-element-957541d elementor-widget-divider--view-line elementor-widget elementor-widget-divider\" data-id=\"957541d\" data-element_type=\"widget\" data-e-type=\"widget\" data-widget_type=\"divider.default\">\n\t\t\t\t<div class=\"elementor-widget-container\">\n\t\t\t\t\t\t\t<div class=\"elementor-divider\">\n\t\t\t<span class=\"elementor-divider-separator\">\n\t\t\t\t\t\t<\/span>\n\t\t<\/div>\n\t\t\t\t\t\t<\/div>\n\t\t\t\t<\/div>\n\t\t\t\t<div class=\"elementor-element elementor-element-94bb93f elementor-widget elementor-widget-text-editor\" data-id=\"94bb93f\" data-element_type=\"widget\" data-e-type=\"widget\" data-widget_type=\"text-editor.default\">\n\t\t\t\t<div class=\"elementor-widget-container\">\n\t\t\t\t\t\t\t\t\t<p><b>Ivan Matas<br \/><\/b><a style=\"color: #d5535f;\" href=\"https:\/\/fundaciotallers.org\/ca\/category\/centre-ocupacional\/\" target=\"_blank\" rel=\"noopener\"><b>Centre Ocupacional<\/b><b> Badia del Vall\u00e8s\u00a0\u00a0\u00a0<\/b><\/a><\/p>\t\t\t\t\t\t\t\t<\/div>\n\t\t\t\t<\/div>\n\t\t\t\t\t<\/div>\n\t\t<\/div>\n\t\t\t\t\t<\/div>\n\t\t<\/section>\n\t\t\t\t<\/div>\n\t\t","protected":false},"excerpt":{"rendered":"<p>Al Novembre dediquem el Calendari d\u2019Igualtat a Ana Orantes, dona que amb la seva valentia va inspirar un moviment de lluita social i gr\u00e0cies a la qual es va crear la Llei Contra la Viol\u00e8ncia de G\u00e8nere a Espanya.<\/p>\n","protected":false},"author":7,"featured_media":15747,"comment_status":"open","ping_status":"open","sticky":false,"template":"","format":"standard","meta":{"footnotes":""},"categories":[12],"tags":[129,35,117,130,128],"class_list":["post-15657","post","type-post","status-publish","format-standard","has-post-thumbnail","hentry","category-fundacio-tallers","tag-dia-mundial-de-lautisme","tag-fundacio-tallers","tag-grup-sant-pere-claver","tag-salut-mental","tag-tea"],"_links":{"self":[{"href":"https:\/\/fundaciotallers.org\/ca\/wp-json\/wp\/v2\/posts\/15657","targetHints":{"allow":["GET"]}}],"collection":[{"href":"https:\/\/fundaciotallers.org\/ca\/wp-json\/wp\/v2\/posts"}],"about":[{"href":"https:\/\/fundaciotallers.org\/ca\/wp-json\/wp\/v2\/types\/post"}],"author":[{"embeddable":true,"href":"https:\/\/fundaciotallers.org\/ca\/wp-json\/wp\/v2\/users\/7"}],"replies":[{"embeddable":true,"href":"https:\/\/fundaciotallers.org\/ca\/wp-json\/wp\/v2\/comments?post=15657"}],"version-history":[{"count":56,"href":"https:\/\/fundaciotallers.org\/ca\/wp-json\/wp\/v2\/posts\/15657\/revisions"}],"predecessor-version":[{"id":15776,"href":"https:\/\/fundaciotallers.org\/ca\/wp-json\/wp\/v2\/posts\/15657\/revisions\/15776"}],"wp:featuredmedia":[{"embeddable":true,"href":"https:\/\/fundaciotallers.org\/ca\/wp-json\/wp\/v2\/media\/15747"}],"wp:attachment":[{"href":"https:\/\/fundaciotallers.org\/ca\/wp-json\/wp\/v2\/media?parent=15657"}],"wp:term":[{"taxonomy":"category","embeddable":true,"href":"https:\/\/fundaciotallers.org\/ca\/wp-json\/wp\/v2\/categories?post=15657"},{"taxonomy":"post_tag","embeddable":true,"href":"https:\/\/fundaciotallers.org\/ca\/wp-json\/wp\/v2\/tags?post=15657"}],"curies":[{"name":"wp","href":"https:\/\/api.w.org\/{rel}","templated":true}]}}