{"id":1426,"date":"2019-01-15T10:36:51","date_gmt":"2019-01-15T10:36:51","guid":{"rendered":"https:\/\/fundaciotallers.org\/?p=1426"},"modified":"2019-01-16T17:43:51","modified_gmt":"2019-01-16T17:43:51","slug":"gent-jove-europa-es-solidaria","status":"publish","type":"post","link":"https:\/\/fundaciotallers.org\/ca\/2019\/01\/15\/gent-jove-europa-es-solidaria\/","title":{"rendered":"La gent jove d&#8217;Europa \u00e9s solid\u00e0ria"},"content":{"rendered":"<p><img fetchpriority=\"high\" decoding=\"async\" class=\"wp-image-1428 alignleft\" src=\"https:\/\/fundaciotallers.org\/wp-content\/uploads\/2019\/01\/VOL.-EUROPEU-GRUP-300x225.jpg\" alt=\"\" width=\"275\" height=\"206\" srcset=\"https:\/\/fundaciotallers.org\/wp-content\/uploads\/2019\/01\/VOL.-EUROPEU-GRUP-300x225.jpg 300w, https:\/\/fundaciotallers.org\/wp-content\/uploads\/2019\/01\/VOL.-EUROPEU-GRUP-768x576.jpg 768w, https:\/\/fundaciotallers.org\/wp-content\/uploads\/2019\/01\/VOL.-EUROPEU-GRUP-1024x768.jpg 1024w\" sizes=\"(max-width: 275px) 100vw, 275px\" \/><strong>Quina motivaci\u00f3 tenen persones que viuen m\u00e9s enll\u00e0 del nostre territori per fer de volunt\u00e0ries a una entitat social?<\/strong><\/p>\n<p>Sens dubte, quan parlem de voluntariat, a vegades pensem nom\u00e9s en persones properes al nostre territori, a la nostre comunitat. Per\u00f2 a Fundaci\u00f3 Tallers hem obert fronteres per trobar-nos amb persones com la Serafina i el Romain, que porten un parell de mesos amb nosaltres.<\/p>\n<p><img decoding=\"async\" class=\"wp-image-1434 alignright\" src=\"https:\/\/fundaciotallers.org\/wp-content\/uploads\/2019\/01\/VOL.-EUROPEU-SERA-300x225.jpg\" alt=\"\" width=\"139\" height=\"104\" srcset=\"https:\/\/fundaciotallers.org\/wp-content\/uploads\/2019\/01\/VOL.-EUROPEU-SERA-300x225.jpg 300w, https:\/\/fundaciotallers.org\/wp-content\/uploads\/2019\/01\/VOL.-EUROPEU-SERA-768x576.jpg 768w, https:\/\/fundaciotallers.org\/wp-content\/uploads\/2019\/01\/VOL.-EUROPEU-SERA-1024x768.jpg 1024w\" sizes=\"(max-width: 139px) 100vw, 139px\" \/><\/p>\n<p>El Romain, \u00e9s franc\u00e8s i la Serafina d&#8217;It\u00e0lia, ambd\u00f3s formen part del programa <a href=\"https:\/\/europa.eu\/youth\/solidarity_es\"><strong>European Solidarity Corps<\/strong><\/a> de la Uni\u00f3 Europea.<\/p>\n<p>La Serafina ja parla de \u201cmare i germana espanyoles\u201d quan es refereix a la fam\u00edlia amb la que viu a Santa Coloma de Gramenet i, a m\u00e9s del seu suport i acompanyament als usuaris, est\u00e0 fent classes d\u2019itali\u00e0 a dos grups del centre ocupacional.<\/p>\n<p>\u201cI si&#8230;.\u201d seria l\u2019inici de frase que escoltem m\u00e9s sovint del Romain, que est\u00e0 sempre proposant activitats i accions per a desenvolupar durant el seu voluntariat, amb una visi\u00f3 molt positiva de les necessitats de les persones.<\/p>\n<p><img decoding=\"async\" class=\"wp-image-1431 alignleft\" src=\"https:\/\/fundaciotallers.org\/wp-content\/uploads\/2019\/01\/VOL.-EUROPEU-ROMAIN-300x225.jpg\" alt=\"\" width=\"227\" height=\"169\" srcset=\"https:\/\/fundaciotallers.org\/wp-content\/uploads\/2019\/01\/VOL.-EUROPEU-ROMAIN-300x225.jpg 300w, https:\/\/fundaciotallers.org\/wp-content\/uploads\/2019\/01\/VOL.-EUROPEU-ROMAIN-768x576.jpg 768w, https:\/\/fundaciotallers.org\/wp-content\/uploads\/2019\/01\/VOL.-EUROPEU-ROMAIN-1024x768.jpg 1024w, https:\/\/fundaciotallers.org\/wp-content\/uploads\/2019\/01\/VOL.-EUROPEU-ROMAIN.jpg 1600w\" sizes=\"(max-width: 227px) 100vw, 227px\" \/><\/p>\n<p>La cooperaci\u00f3 \u00e9s un dels valors de Fundaci\u00f3 Tallers, i en projectes de col\u00b7laboraci\u00f3 d\u2019aquest tipus \u00e9s quan ens adonem de la import\u00e0ncia de fomentar l\u2019acci\u00f3 de compartir, per part de tots i totes i entre tots i totes, una de les eines m\u00e9s potents per empoderar-nos com a persones i com a organitzaci\u00f3.<\/p>\n<p>I tu?, quan t&#8217;apuntes? <a href=\"&#109;&#x61;i&#108;&#x74;o&#58;&#x76;o&#108;&#x75;n&#116;&#x61;&#114;&#x69;&#x61;&#116;&#x40;&#x66;&#117;&#x6e;d&#97;&#x63;i&#111;&#x74;a&#108;&#x6c;e&#114;&#x73;&#46;&#x6f;&#x72;&#103;\">volunt&#97;&#114;&#105;&#97;&#116;&#64;&#102;&#x75;&#x6e;&#x64;&#x61;&#x63;&#x69;&#x6f;&#x74;&#x61;&#x6c;&#x6c;&#x65;rs&#46;org<\/a><\/p>\n","protected":false},"excerpt":{"rendered":"<p>Quina motivaci\u00f3 tenen persones que viuen m\u00e9s enll\u00e0 del nostre territori per fer de volunt\u00e0ries a una entitat social? Sens&hellip;<\/p>\n","protected":false},"author":2,"featured_media":1428,"comment_status":"open","ping_status":"open","sticky":false,"template":"","format":"standard","meta":{"footnotes":""},"categories":[17,20,31,11,12,32,21,15,18,19,30],"tags":[],"class_list":["post-1426","post","type-post","status-publish","format-standard","has-post-thumbnail","hentry","category-amb-i-per-les-persones","category-centre-ocupacional","category-comunitat","category-empreses-amb-visio-social","category-fundacio-tallers","category-persones","category-projectes","category-santa-coloma-de-gramenet","category-tercer-sector","category-valor-social","category-voluntariat"],"_links":{"self":[{"href":"https:\/\/fundaciotallers.org\/ca\/wp-json\/wp\/v2\/posts\/1426","targetHints":{"allow":["GET"]}}],"collection":[{"href":"https:\/\/fundaciotallers.org\/ca\/wp-json\/wp\/v2\/posts"}],"about":[{"href":"https:\/\/fundaciotallers.org\/ca\/wp-json\/wp\/v2\/types\/post"}],"author":[{"embeddable":true,"href":"https:\/\/fundaciotallers.org\/ca\/wp-json\/wp\/v2\/users\/2"}],"replies":[{"embeddable":true,"href":"https:\/\/fundaciotallers.org\/ca\/wp-json\/wp\/v2\/comments?post=1426"}],"version-history":[{"count":7,"href":"https:\/\/fundaciotallers.org\/ca\/wp-json\/wp\/v2\/posts\/1426\/revisions"}],"predecessor-version":[{"id":1442,"href":"https:\/\/fundaciotallers.org\/ca\/wp-json\/wp\/v2\/posts\/1426\/revisions\/1442"}],"wp:featuredmedia":[{"embeddable":true,"href":"https:\/\/fundaciotallers.org\/ca\/wp-json\/wp\/v2\/media\/1428"}],"wp:attachment":[{"href":"https:\/\/fundaciotallers.org\/ca\/wp-json\/wp\/v2\/media?parent=1426"}],"wp:term":[{"taxonomy":"category","embeddable":true,"href":"https:\/\/fundaciotallers.org\/ca\/wp-json\/wp\/v2\/categories?post=1426"},{"taxonomy":"post_tag","embeddable":true,"href":"https:\/\/fundaciotallers.org\/ca\/wp-json\/wp\/v2\/tags?post=1426"}],"curies":[{"name":"wp","href":"https:\/\/api.w.org\/{rel}","templated":true}]}}